{"id":7980,"date":"2014-03-26T13:50:35","date_gmt":"2014-03-26T12:50:35","guid":{"rendered":"http:\/\/www.gruppopdregionetoscana.it\/web\/?p=7980"},"modified":"2014-03-26T13:50:35","modified_gmt":"2014-03-26T12:50:35","slug":"sospensione-sanzioni-amministrative-commercianti-su-aree-pubbliche-pellegrinotti-pd-una-legge-che-non-costa-nulla-ma-aiuta-gli-ambulanti","status":"publish","type":"post","link":"https:\/\/www.gruppopdregionetoscana.it\/web\/sospensione-sanzioni-amministrative-commercianti-su-aree-pubbliche-pellegrinotti-pd-una-legge-che-non-costa-nulla-ma-aiuta-gli-ambulanti\/","title":{"rendered":"Sospensione sanzioni amministrative a commercianti su aree pubbliche. Pellegrinotti (Pd): \u201cUna legge che non costa nulla ma aiuta gli ambulanti\u201d"},"content":{"rendered":"<p><a href=\"http:\/\/www.gruppopdregionetoscana.it\/web\/wp-content\/uploads\/2013\/10\/giovanni-pellegrinotti1.jpg\"><img loading=\"lazy\" decoding=\"async\" class=\"size-medium wp-image-6640 alignleft\" alt=\"giovanni-pellegrinotti\" src=\"http:\/\/www.gruppopdregionetoscana.it\/web\/wp-content\/uploads\/2013\/10\/giovanni-pellegrinotti1-300x300.jpg\" width=\"300\" height=\"300\" srcset=\"https:\/\/www.gruppopdregionetoscana.it\/web\/wp-content\/uploads\/2013\/10\/giovanni-pellegrinotti1-300x300.jpg 300w, https:\/\/www.gruppopdregionetoscana.it\/web\/wp-content\/uploads\/2013\/10\/giovanni-pellegrinotti1-150x150.jpg 150w, https:\/\/www.gruppopdregionetoscana.it\/web\/wp-content\/uploads\/2013\/10\/giovanni-pellegrinotti1-66x66.jpg 66w, https:\/\/www.gruppopdregionetoscana.it\/web\/wp-content\/uploads\/2013\/10\/giovanni-pellegrinotti1.jpg 500w\" sizes=\"auto, (max-width: 300px) 100vw, 300px\" \/><\/a>\u201cUna legge che viene incontro a chi sta vivendo forti difficolt\u00e0 economiche, non costa nulla ma aiuta davvero gli operatori del commercio su aree pubbliche\u201d. Lo sostiene Ardelio Pellegrinotti, consigliere regionale Pd e primo firmatario della proposta di legge Disposizioni sui controlli in materia di commercio su aree pubbliche. Modifica alla legge regionale 28\/2005 (Codice del Commercio. Testo unico in materia di commercio in sede fissa, su aree pubbliche, somministrazione di alimenti e bevande, vendita di stampa quotidiana e periodica e distribuzione di carburanti), che prevede una sospensione di un anno dalle sanzioni amministrative (sospensione e\/o revoca delle licenze) a carico dei commercianti ambulanti su aree pubbliche che, dall\u2019analisi della Dichiarazione unica della regolarit\u00e0 contributiva (Durc), non risultino in regola con i versamenti dei contributi, sanzioni che spesso conducono all\u2019estromissione dall\u2019attivit\u00e0 degli stessi, aggravando la crisi in cui gi\u00e0 versa il settore; al termine di questo periodo le aziende dovranno poi risultare in regola con i versamenti dei contributi, anche arretrati.<\/p>\n<p>\u201cMolti comuni hanno avviato procedimenti amministrativi che sospendono le autorizzazioni ai commercianti su area pubblica per mancati pagamenti dei contributi, sospensioni che diventano revoca dell\u2019attivit\u00e0 se gli operatori dopo 180 giorni non hanno ottemperato questo pagamento. \u2013 spiega Pellegrinotti \u2013 Stiamo parlando di lavoratori colpiti da una forte crisi economica, molto spesso si tratta di attivit\u00e0 a conduzione familiare, \u00e8 comprensibile sia diventato molto difficile per loro rispettare la regolarit\u00e0 contributiva in questo momento cos\u00ec complesso. Con questa legge possiamo venire incontro alle difficolt\u00e0 oggettive che attualmente hanno gli operatori per mettersi in regola. Ero favorevole alla sospensione per 24 mesi, l\u2019assemblea ha scelto diversamente, votando i 12 mesi, ritengo comunque sia una grossa boccata d\u2019ossigeno per questi lavoratori\u201d.<\/p>\n","protected":false},"excerpt":{"rendered":"<p>\u201cUna legge che viene incontro a chi sta vivendo forti difficolt\u00e0 economiche, non costa nulla ma aiuta davvero gli operatori del commercio su aree pubbliche\u201d. Lo sostiene Ardelio Pellegrinotti, consigliere regionale Pd e primo firmatario della proposta di legge Disposizioni sui controlli in materia di commercio su aree pubbliche. Modifica alla legge regionale 28\/2005 (Codice [&hellip;]<\/p>\n","protected":false},"author":1,"featured_media":6640,"comment_status":"closed","ping_status":"closed","sticky":false,"template":"","format":"standard","meta":{"_jetpack_memberships_contains_paid_content":false,"footnotes":""},"categories":[30],"tags":[],"class_list":{"0":"post-7980","1":"post","2":"type-post","3":"status-publish","4":"format-standard","5":"has-post-thumbnail","7":"category-comunicati-stampa","8":"czr-hentry"},"jetpack_featured_media_url":"https:\/\/www.gruppopdregionetoscana.it\/web\/wp-content\/uploads\/2013\/10\/giovanni-pellegrinotti1.jpg","jetpack_sharing_enabled":true,"_links":{"self":[{"href":"https:\/\/www.gruppopdregionetoscana.it\/web\/wp-json\/wp\/v2\/posts\/7980","targetHints":{"allow":["GET"]}}],"collection":[{"href":"https:\/\/www.gruppopdregionetoscana.it\/web\/wp-json\/wp\/v2\/posts"}],"about":[{"href":"https:\/\/www.gruppopdregionetoscana.it\/web\/wp-json\/wp\/v2\/types\/post"}],"author":[{"embeddable":true,"href":"https:\/\/www.gruppopdregionetoscana.it\/web\/wp-json\/wp\/v2\/users\/1"}],"replies":[{"embeddable":true,"href":"https:\/\/www.gruppopdregionetoscana.it\/web\/wp-json\/wp\/v2\/comments?post=7980"}],"version-history":[{"count":0,"href":"https:\/\/www.gruppopdregionetoscana.it\/web\/wp-json\/wp\/v2\/posts\/7980\/revisions"}],"wp:featuredmedia":[{"embeddable":true,"href":"https:\/\/www.gruppopdregionetoscana.it\/web\/wp-json\/wp\/v2\/media\/6640"}],"wp:attachment":[{"href":"https:\/\/www.gruppopdregionetoscana.it\/web\/wp-json\/wp\/v2\/media?parent=7980"}],"wp:term":[{"taxonomy":"category","embeddable":true,"href":"https:\/\/www.gruppopdregionetoscana.it\/web\/wp-json\/wp\/v2\/categories?post=7980"},{"taxonomy":"post_tag","embeddable":true,"href":"https:\/\/www.gruppopdregionetoscana.it\/web\/wp-json\/wp\/v2\/tags?post=7980"}],"curies":[{"name":"wp","href":"https:\/\/api.w.org\/{rel}","templated":true}]}}