{"id":7982,"date":"2014-03-26T13:58:05","date_gmt":"2014-03-26T12:58:05","guid":{"rendered":"http:\/\/www.gruppopdregionetoscana.it\/web\/?p=7982"},"modified":"2014-03-26T14:34:07","modified_gmt":"2014-03-26T13:34:07","slug":"fondi-alle-imprese-danneggiate-dalle-alluvioni-ferrucci-pd-grave-e-inaccettabile-non-trovare-coperture-finanziarie","status":"publish","type":"post","link":"https:\/\/www.gruppopdregionetoscana.it\/web\/fondi-alle-imprese-danneggiate-dalle-alluvioni-ferrucci-pd-grave-e-inaccettabile-non-trovare-coperture-finanziarie\/","title":{"rendered":"Fondi alle imprese danneggiate dalle alluvioni, Ferrucci Pd: \u201cGrave e inaccettabile non trovare coperture finanziarie\u201d"},"content":{"rendered":"<p><a href=\"http:\/\/www.gruppopdregionetoscana.it\/web\/wp-content\/uploads\/2014\/03\/Alluvione-Maremma-6-ottobre-2013.jpg\"><img loading=\"lazy\" decoding=\"async\" class=\"alignleft  wp-image-7983\" style=\"border: 5px solid white;\" alt=\"Alluvione Maremma 6 ottobre 2013\" src=\"http:\/\/www.gruppopdregionetoscana.it\/web\/wp-content\/uploads\/2014\/03\/Alluvione-Maremma-6-ottobre-2013-300x224.jpg\" width=\"250\" height=\"180\" \/><\/a>\u00a0<i>Approvata all&#8217;unanimit\u00e0 \u00a0in Consiglio regionale una mozione di iniziativa del\u00a0 gruppo Pd in merito alla concessione di benefici economici alle aziende toscane danneggiate dalle alluvioni del 2012. &#8220;Il Presidente della giunta regionale si attivi presso il Governo e il Parlamento affinch\u00e9 gi\u00e0 nel corso dell\u2019esame del provvedimento al Senato venga reintrodotta la disposizione concernente la possibilit\u00e0 per le imprese toscane di beneficiare dei contributi previsti&#8221;. <\/i><\/p>\n<p>&nbsp;<\/p>\n<p>\u201cI contributi destinati alle imprese toscane danneggiate dalle alluvioni del novembre 2012 non possono essere ulteriormente rimandati. Quello che \u00e8 successo in Commissione Bilancio della Camera \u00e8 un fatto grave e inaccettabile per il quale \u00e8 urgente trovare una soluzione prima possibile. Il 19 marzo scorso \u00e8 stata stralciata la norma che, all\u2019interno del disegno di legge sul rientro dei capitali, prevedeva lo stanziamento destinato alle imprese che hanno subito danni alle scorte di materie prime, ai semilavorati e ai prodotti finiti. Si tratta di alcuni benefici &#8211; ulteriori a quelli gi\u00e0 stanziati con l\u2019ordinanza di Protezione civile n. 32\/2012 &#8211; indispensabili per far ripartire le imprese colpite dall&#8217;ondata di maltempo del novembre 2012, e che interess\u00f2 i territori delle province di Grosseto, Arezzo, Lucca e Massa, Carrara, Pisa e Pistoia. Pertanto, con la mozione chiediamo che sia il Presidente della giunta regionale ad attivarsi presso il Governo e il Parlamento affinch\u00e9 gi\u00e0 nel corso dell\u2019esame del provvedimento al Senato venga reintrodotta la disposizione riguardo la possibilit\u00e0 per le imprese toscane di beneficiare dei contributi previsti\u201d.<\/p>\n<p>E\u2019 quanto dichiara <b>Ivan Ferrucci, capogruppo Pd in consiglio regionale,<\/b> dopo l&#8217;approvazione della mozione sui fondi da destinare alle imprese colpite dalle alluvioni del 2012.<\/p>\n<p>&nbsp;<\/p>\n<p><a href=\"http:\/\/www.gruppopdregionetoscana.it\/web\/wp-content\/uploads\/2014\/03\/MOZ786.pdf\">Leggi il testo della mozione<\/a><\/p>\n","protected":false},"excerpt":{"rendered":"<p>\u00a0Approvata all&#8217;unanimit\u00e0 \u00a0in Consiglio regionale una mozione di iniziativa del\u00a0 gruppo Pd in merito alla concessione di benefici economici alle aziende toscane danneggiate dalle alluvioni del 2012. &#8220;Il Presidente della giunta regionale si attivi presso il Governo e il Parlamento affinch\u00e9 gi\u00e0 nel corso dell\u2019esame del provvedimento al Senato venga reintrodotta la disposizione concernente la [&hellip;]<\/p>\n","protected":false},"author":1,"featured_media":7983,"comment_status":"closed","ping_status":"closed","sticky":false,"template":"","format":"standard","meta":{"_jetpack_memberships_contains_paid_content":false,"footnotes":""},"categories":[30,124],"tags":[],"class_list":{"0":"post-7982","1":"post","2":"type-post","3":"status-publish","4":"format-standard","5":"has-post-thumbnail","7":"category-comunicati-stampa","8":"category-propmozioni","9":"czr-hentry"},"jetpack_featured_media_url":"https:\/\/www.gruppopdregionetoscana.it\/web\/wp-content\/uploads\/2014\/03\/Alluvione-Maremma-6-ottobre-2013.jpg","jetpack_sharing_enabled":true,"_links":{"self":[{"href":"https:\/\/www.gruppopdregionetoscana.it\/web\/wp-json\/wp\/v2\/posts\/7982","targetHints":{"allow":["GET"]}}],"collection":[{"href":"https:\/\/www.gruppopdregionetoscana.it\/web\/wp-json\/wp\/v2\/posts"}],"about":[{"href":"https:\/\/www.gruppopdregionetoscana.it\/web\/wp-json\/wp\/v2\/types\/post"}],"author":[{"embeddable":true,"href":"https:\/\/www.gruppopdregionetoscana.it\/web\/wp-json\/wp\/v2\/users\/1"}],"replies":[{"embeddable":true,"href":"https:\/\/www.gruppopdregionetoscana.it\/web\/wp-json\/wp\/v2\/comments?post=7982"}],"version-history":[{"count":0,"href":"https:\/\/www.gruppopdregionetoscana.it\/web\/wp-json\/wp\/v2\/posts\/7982\/revisions"}],"wp:featuredmedia":[{"embeddable":true,"href":"https:\/\/www.gruppopdregionetoscana.it\/web\/wp-json\/wp\/v2\/media\/7983"}],"wp:attachment":[{"href":"https:\/\/www.gruppopdregionetoscana.it\/web\/wp-json\/wp\/v2\/media?parent=7982"}],"wp:term":[{"taxonomy":"category","embeddable":true,"href":"https:\/\/www.gruppopdregionetoscana.it\/web\/wp-json\/wp\/v2\/categories?post=7982"},{"taxonomy":"post_tag","embeddable":true,"href":"https:\/\/www.gruppopdregionetoscana.it\/web\/wp-json\/wp\/v2\/tags?post=7982"}],"curies":[{"name":"wp","href":"https:\/\/api.w.org\/{rel}","templated":true}]}}