{"id":8053,"date":"2014-04-01T17:58:54","date_gmt":"2014-04-01T15:58:54","guid":{"rendered":"http:\/\/www.gruppopdregionetoscana.it\/web\/?p=8053"},"modified":"2014-04-02T15:40:14","modified_gmt":"2014-04-02T13:40:14","slug":"chiusura-opg-brogi-pd-proroga-che-delude-la-toscana-faccia-presto","status":"publish","type":"post","link":"https:\/\/www.gruppopdregionetoscana.it\/web\/chiusura-opg-brogi-pd-proroga-che-delude-la-toscana-faccia-presto\/","title":{"rendered":"Chiusura Opg, Brogi (Pd): \u201cProroga che delude, la Toscana faccia presto\u201d"},"content":{"rendered":"<p><a href=\"http:\/\/www.gruppopdregionetoscana.it\/web\/wp-content\/uploads\/2014\/04\/opg_montelupo.jpg\"><img loading=\"lazy\" decoding=\"async\" class=\"alignleft  wp-image-8054\" style=\"border: 5px solid white;\" alt=\"opg_montelupo\" src=\"http:\/\/www.gruppopdregionetoscana.it\/web\/wp-content\/uploads\/2014\/04\/opg_montelupo-300x179.jpg\" width=\"200\" height=\"160\" \/><\/a>\u201cDispiace, potevamo mettere la parola fine\u00a0 invece abbiamo perso l\u2019ennesima chance. Fino all\u2019ultimo ho sperato che questa proroga non arrivasse; pertanto, capisco il rammarico che prova il Presidente della Repubblica nel mettere la firma a un decreto del genere. Si tratta di una norma di civilt\u00e0: non \u00e8 possibile dover fare ancora i conti con strutture che sono state ampiamente superate. Come ho gi\u00e0 detto altre volte, spero davvero che la Toscana possa dare il buon esempio chiudere quanto prima L\u2019Ospedale psichiatrico giudiziario di Montelupo Fiorentino. Potevamo mettere un tassello importante nella costruzione di una strada che porta al ripensamento, alla ristrutturazione, del sistema detentivo del nostro Paese. E invece, no. Oltre al sovraffollamento nelle carceri, alla mancanza di personale e di manutenzione degli istituti, agli innumerevoli problemi igienico-sanitari \u2013 oggi aggiungiamo anche lo slittamento di un anno per la chiusura degli Opg\u201d.<\/p>\n<p>&nbsp;<\/p>\n<p>E\u2019 quanto dichiara <b>Enzo Brogi consigliere regionale Pd<\/b>, in merito alla proroga di un anno per la chiusura degli Opg.<\/p>\n","protected":false},"excerpt":{"rendered":"<p>\u201cDispiace, potevamo mettere la parola fine\u00a0 invece abbiamo perso l\u2019ennesima chance. Fino all\u2019ultimo ho sperato che questa proroga non arrivasse; pertanto, capisco il rammarico che prova il Presidente della Repubblica nel mettere la firma a un decreto del genere. Si tratta di una norma di civilt\u00e0: non \u00e8 possibile dover fare ancora i conti con [&hellip;]<\/p>\n","protected":false},"author":1,"featured_media":6923,"comment_status":"closed","ping_status":"closed","sticky":false,"template":"","format":"standard","meta":{"_jetpack_memberships_contains_paid_content":false,"footnotes":""},"categories":[30],"tags":[313,908,909,312],"class_list":{"0":"post-8053","1":"post","2":"type-post","3":"status-publish","4":"format-standard","5":"has-post-thumbnail","7":"category-comunicati-stampa","8":"tag-montelupo-fiorentino","9":"tag-opg","10":"tag-proroga-chiusura","11":"tag-regione-toscana","12":"czr-hentry"},"jetpack_featured_media_url":"https:\/\/www.gruppopdregionetoscana.it\/web\/wp-content\/uploads\/2013\/11\/enzo-brogi-picc-2.jpg","jetpack_sharing_enabled":true,"_links":{"self":[{"href":"https:\/\/www.gruppopdregionetoscana.it\/web\/wp-json\/wp\/v2\/posts\/8053","targetHints":{"allow":["GET"]}}],"collection":[{"href":"https:\/\/www.gruppopdregionetoscana.it\/web\/wp-json\/wp\/v2\/posts"}],"about":[{"href":"https:\/\/www.gruppopdregionetoscana.it\/web\/wp-json\/wp\/v2\/types\/post"}],"author":[{"embeddable":true,"href":"https:\/\/www.gruppopdregionetoscana.it\/web\/wp-json\/wp\/v2\/users\/1"}],"replies":[{"embeddable":true,"href":"https:\/\/www.gruppopdregionetoscana.it\/web\/wp-json\/wp\/v2\/comments?post=8053"}],"version-history":[{"count":0,"href":"https:\/\/www.gruppopdregionetoscana.it\/web\/wp-json\/wp\/v2\/posts\/8053\/revisions"}],"wp:featuredmedia":[{"embeddable":true,"href":"https:\/\/www.gruppopdregionetoscana.it\/web\/wp-json\/wp\/v2\/media\/6923"}],"wp:attachment":[{"href":"https:\/\/www.gruppopdregionetoscana.it\/web\/wp-json\/wp\/v2\/media?parent=8053"}],"wp:term":[{"taxonomy":"category","embeddable":true,"href":"https:\/\/www.gruppopdregionetoscana.it\/web\/wp-json\/wp\/v2\/categories?post=8053"},{"taxonomy":"post_tag","embeddable":true,"href":"https:\/\/www.gruppopdregionetoscana.it\/web\/wp-json\/wp\/v2\/tags?post=8053"}],"curies":[{"name":"wp","href":"https:\/\/api.w.org\/{rel}","templated":true}]}}