{"id":8098,"date":"2014-04-07T17:51:42","date_gmt":"2014-04-07T15:51:42","guid":{"rendered":"http:\/\/www.gruppopdregionetoscana.it\/web\/?p=8098"},"modified":"2014-04-07T17:58:58","modified_gmt":"2014-04-07T15:58:58","slug":"rogo-doloso-scuola-di-pisa-ferrucci-e-tognocchi-pd-sconcertati-gesto-spregevole","status":"publish","type":"post","link":"https:\/\/www.gruppopdregionetoscana.it\/web\/rogo-doloso-scuola-di-pisa-ferrucci-e-tognocchi-pd-sconcertati-gesto-spregevole\/","title":{"rendered":"Rogo doloso scuola di Pisa, Ferrucci e Tognocchi (Pd): \u201cSconcertati, gesto spregevole\u201d"},"content":{"rendered":"<p><a href=\"http:\/\/www.gruppopdregionetoscana.it\/web\/wp-content\/uploads\/2014\/04\/scuola4.jpg\"><img loading=\"lazy\" decoding=\"async\" class=\"alignleft  wp-image-8099\" style=\"border: 5px solid white;\" alt=\"scuola4\" src=\"http:\/\/www.gruppopdregionetoscana.it\/web\/wp-content\/uploads\/2014\/04\/scuola4-300x142.jpg\" width=\"260\" height=\"142\" \/><\/a>\u201cGesto vergognoso nei confronti di un luogo che pi\u00f9 di ogni altro dovrebbe essere preservato da scempi di ogni tipo. Appiccare fuoco a una scuola \u00e8 quanto di pi\u00f9 spregevole si possa fare nei confronti delle nuove generazioni; per questo quello che \u00e8 successo la scorsa notte a Pisa lo definiamo un episodio a dir poco indegno per un Paese civile. Dovremmo proteggere i nostri istituti scolastici che in un\u2019epoca di tagli come quella che stiamo vivendo, fanno fatica a mantenere i servizi per i nostri ragazzi. Tutti consociamo le condizioni dell\u2019edilizia scolastica nel nostro Paese. E invece ci troviamo davanti a fatti di questo genere che francamente ci lasciano sconcertati. Pertanto, ci uniamo all\u2019appello fatto dal sindaco di Pisa, Marco Filippeschi, che invita le forze dell\u2019ordine a fare il massimo sforzo affinch\u00e9 i colpevoli dell\u2019incendio siano individuati quanto prima\u201d.<\/p>\n<p>&nbsp;<\/p>\n<p>E\u2019 quanto dichiarano Ivan Ferrucci capogruppo Pd in consiglio regionale e Pier Paolo Tognocchi consigliere regionale Pd \u2013 riguardo al rogo doloso in una scuola di Pisa che ha provocato danni per oltre 60 mila euro.<\/p>\n","protected":false},"excerpt":{"rendered":"<p>\u201cGesto vergognoso nei confronti di un luogo che pi\u00f9 di ogni altro dovrebbe essere preservato da scempi di ogni tipo. Appiccare fuoco a una scuola \u00e8 quanto di pi\u00f9 spregevole si possa fare nei confronti delle nuove generazioni; per questo quello che \u00e8 successo la scorsa notte a Pisa lo definiamo un episodio a dir [&hellip;]<\/p>\n","protected":false},"author":1,"featured_media":7954,"comment_status":"closed","ping_status":"closed","sticky":false,"template":"","format":"standard","meta":{"_jetpack_memberships_contains_paid_content":false,"footnotes":""},"categories":[30],"tags":[],"class_list":{"0":"post-8098","1":"post","2":"type-post","3":"status-publish","4":"format-standard","5":"has-post-thumbnail","7":"category-comunicati-stampa","8":"czr-hentry"},"jetpack_featured_media_url":"https:\/\/www.gruppopdregionetoscana.it\/web\/wp-content\/uploads\/2014\/03\/aula-scolastica.jpg","jetpack_sharing_enabled":true,"_links":{"self":[{"href":"https:\/\/www.gruppopdregionetoscana.it\/web\/wp-json\/wp\/v2\/posts\/8098","targetHints":{"allow":["GET"]}}],"collection":[{"href":"https:\/\/www.gruppopdregionetoscana.it\/web\/wp-json\/wp\/v2\/posts"}],"about":[{"href":"https:\/\/www.gruppopdregionetoscana.it\/web\/wp-json\/wp\/v2\/types\/post"}],"author":[{"embeddable":true,"href":"https:\/\/www.gruppopdregionetoscana.it\/web\/wp-json\/wp\/v2\/users\/1"}],"replies":[{"embeddable":true,"href":"https:\/\/www.gruppopdregionetoscana.it\/web\/wp-json\/wp\/v2\/comments?post=8098"}],"version-history":[{"count":0,"href":"https:\/\/www.gruppopdregionetoscana.it\/web\/wp-json\/wp\/v2\/posts\/8098\/revisions"}],"wp:featuredmedia":[{"embeddable":true,"href":"https:\/\/www.gruppopdregionetoscana.it\/web\/wp-json\/wp\/v2\/media\/7954"}],"wp:attachment":[{"href":"https:\/\/www.gruppopdregionetoscana.it\/web\/wp-json\/wp\/v2\/media?parent=8098"}],"wp:term":[{"taxonomy":"category","embeddable":true,"href":"https:\/\/www.gruppopdregionetoscana.it\/web\/wp-json\/wp\/v2\/categories?post=8098"},{"taxonomy":"post_tag","embeddable":true,"href":"https:\/\/www.gruppopdregionetoscana.it\/web\/wp-json\/wp\/v2\/tags?post=8098"}],"curies":[{"name":"wp","href":"https:\/\/api.w.org\/{rel}","templated":true}]}}