{"id":8101,"date":"2014-04-08T18:30:57","date_gmt":"2014-04-08T16:30:57","guid":{"rendered":"http:\/\/www.gruppopdregionetoscana.it\/web\/?p=8101"},"modified":"2014-04-08T18:30:57","modified_gmt":"2014-04-08T16:30:57","slug":"viabilita-mezzana-perfetti-ricasoli-boretti-pd-accelerare-tempi-e-adeguare-linfrastruttura-alle-nuove-esigenze","status":"publish","type":"post","link":"https:\/\/www.gruppopdregionetoscana.it\/web\/viabilita-mezzana-perfetti-ricasoli-boretti-pd-accelerare-tempi-e-adeguare-linfrastruttura-alle-nuove-esigenze\/","title":{"rendered":"Viabilit\u00e0, Mezzana Perfetti &#8211; Ricasoli, Boretti (Pd): \u201cAccelerare i tempi e adeguare l\u2019infrastruttura alle nuove esigenze\u201d"},"content":{"rendered":"<p style=\"text-align: left;\" align=\"center\"><i><a href=\"http:\/\/www.gruppopdregionetoscana.it\/web\/wp-content\/uploads\/2014\/04\/7.jpg\"><img loading=\"lazy\" decoding=\"async\" class=\"alignleft size-medium wp-image-8104\" style=\"border: 5px solid white;\" alt=\"7\" src=\"http:\/\/www.gruppopdregionetoscana.it\/web\/wp-content\/uploads\/2014\/04\/7-300x168.jpg\" width=\"300\" height=\"168\" srcset=\"https:\/\/www.gruppopdregionetoscana.it\/web\/wp-content\/uploads\/2014\/04\/7-300x168.jpg 300w, https:\/\/www.gruppopdregionetoscana.it\/web\/wp-content\/uploads\/2014\/04\/7.jpg 400w\" sizes=\"auto, (max-width: 300px) 100vw, 300px\" \/><\/a>Vanessa Boretti, consigliere regionale Pd presenta una mozione sulle opere in corso di realizzazione nella Piana fiorentina: sull\u2019asse Mezzana-Perfetti Ricasoli, lotti 5a, 5b, 6 e sulle opere di adeguamento della SP8 Barberinese e SP107 Legri Carlone<\/i><\/p>\n<p>&nbsp;<\/p>\n<p>\u201cL\u2019asse stradale Mezzana &#8211; Perfetti Ricasoli deve essere terminato. Le priorit\u00e0 sono due: superare gli intralci per il completamento dei lavori in corso (lotto 5b) e assegnare l\u2019appalto di quelli ancora da iniziare (rotatoria di accesso al polo universitario di Sesto F.no)\u201d, dichiara <b> Vanessa Boretti<\/b> <b>consigliere regionale Pd <\/b>e prima firmataria di una mozione sulle infrastrutture in corso di realizzazione nella Piana fiorentina. La mozione &#8211; sottoscritta anche dai consiglieri <b>Simone Naldoni<\/b> <b>(Pd), Eugenio Giani (Pd), Daniela Lastri (Pd), Fabrizio Mattei (Pd) e Rudi Russo (CD)<\/b> &#8211;\u00a0 chiede, alla giunta di \u201csollecitare Autostrade per l\u2019Italia S.P.A. ad individuare il soggetto fisico che, su mandato della stessa societ\u00e0, sia legittimato a sottoscrivere la convenzione tra Provincia di Firenze e Autostrade per l\u2019Italia S.p.A. Passaggio indispensabile per l\u2019avvio dei lavori di costruzione dello scavalco autostradale previsto sul lotto 5b dell\u2019asse viario Perfetti Ricasoli \u2013 Mezzana, gi\u00e0 progettato e finanziato. Il documento chiede anche di verificare se nell\u2019ambito del riordino istituzionale previsto dal cosiddetto disegno di legge Del Rio, c\u2019\u00e8 la possibilit\u00e0 e le condizioni per prendere in carico la tratta gi\u00e0 realizzata della Mezzana \u2013 Perfetti Ricasoli, in quanto strada che collega due capoluoghi di provincia. L\u2019obiettivo \u00e8 quello di oltrepassare una situazione di difficolt\u00e0 e incertezza sugli interventi manutentivi, ordinari e straordinari, che gi\u00e0 oggi si rendono necessari e che non possono essere sostenuti dai comuni competenti territorialmente e che quindi rischiano di determinare una deterioramento delle condizioni della viabilit\u00e0 tali da compromettere la sicurezza della circolazione\u201d.<\/p>\n<p>&nbsp;<\/p>\n<p>\u201cE\u2019 necessario trovare soluzioni che vadano oltre i limiti fisici che attualmente bloccano una riflessione tra gli Enti interessati, e porre le basi del raddoppio a due corsie per senso di marcia dell&#8217;asse viario Mezzana Perfetti Ricasoli, in quanto gi\u00e0 oggi nei tratti realizzati si presenta palesemente insufficiente a garantire una efficace circolazione &#8211; spiega <b>Boretti <\/b>&#8211; La Piana fiorentina- pratese ed i Comuni che la compongono, costituiscono la pi\u00f9 importante area produttiva della Toscana; qui vi sono concentrate un elevato numero di imprese e di attivit\u00e0 commerciali, oltre a funzioni di servizio per tutta l\u2019area metropolitana. Pertanto \u2013 conclude <b>Boretti <\/b>&#8211;\u00a0 chiedo alla giunta regionale che si adoperi presso il Governo, affinch\u00e9 sia dedicato al contesto metropolitano fiorentino una particolare attenzione affinch\u00e9 sia colmato l\u2019evidente gap infrastrutturale che riguarda un&#8217;area particolarmente strategica e nevralgica per i collegamenti sull\u2019asse Firenze Prato &#8211; Pistoia\u201d.<\/p>\n<p>&nbsp;<\/p>\n","protected":false},"excerpt":{"rendered":"<p>Vanessa Boretti, consigliere regionale Pd presenta una mozione sulle opere in corso di realizzazione nella Piana fiorentina: sull\u2019asse Mezzana-Perfetti Ricasoli, lotti 5a, 5b, 6 e sulle opere di adeguamento della SP8 Barberinese e SP107 Legri Carlone &nbsp; \u201cL\u2019asse stradale Mezzana &#8211; Perfetti Ricasoli deve essere terminato. Le priorit\u00e0 sono due: superare gli intralci per il [&hellip;]<\/p>\n","protected":false},"author":1,"featured_media":8104,"comment_status":"closed","ping_status":"closed","sticky":false,"template":"","format":"standard","meta":{"_jetpack_memberships_contains_paid_content":false,"footnotes":""},"categories":[30],"tags":[],"class_list":{"0":"post-8101","1":"post","2":"type-post","3":"status-publish","4":"format-standard","5":"has-post-thumbnail","7":"category-comunicati-stampa","8":"czr-hentry"},"jetpack_featured_media_url":"https:\/\/www.gruppopdregionetoscana.it\/web\/wp-content\/uploads\/2014\/04\/7.jpg","jetpack_sharing_enabled":true,"_links":{"self":[{"href":"https:\/\/www.gruppopdregionetoscana.it\/web\/wp-json\/wp\/v2\/posts\/8101","targetHints":{"allow":["GET"]}}],"collection":[{"href":"https:\/\/www.gruppopdregionetoscana.it\/web\/wp-json\/wp\/v2\/posts"}],"about":[{"href":"https:\/\/www.gruppopdregionetoscana.it\/web\/wp-json\/wp\/v2\/types\/post"}],"author":[{"embeddable":true,"href":"https:\/\/www.gruppopdregionetoscana.it\/web\/wp-json\/wp\/v2\/users\/1"}],"replies":[{"embeddable":true,"href":"https:\/\/www.gruppopdregionetoscana.it\/web\/wp-json\/wp\/v2\/comments?post=8101"}],"version-history":[{"count":0,"href":"https:\/\/www.gruppopdregionetoscana.it\/web\/wp-json\/wp\/v2\/posts\/8101\/revisions"}],"wp:featuredmedia":[{"embeddable":true,"href":"https:\/\/www.gruppopdregionetoscana.it\/web\/wp-json\/wp\/v2\/media\/8104"}],"wp:attachment":[{"href":"https:\/\/www.gruppopdregionetoscana.it\/web\/wp-json\/wp\/v2\/media?parent=8101"}],"wp:term":[{"taxonomy":"category","embeddable":true,"href":"https:\/\/www.gruppopdregionetoscana.it\/web\/wp-json\/wp\/v2\/categories?post=8101"},{"taxonomy":"post_tag","embeddable":true,"href":"https:\/\/www.gruppopdregionetoscana.it\/web\/wp-json\/wp\/v2\/tags?post=8101"}],"curies":[{"name":"wp","href":"https:\/\/api.w.org\/{rel}","templated":true}]}}