{"id":8366,"date":"2014-05-19T16:56:44","date_gmt":"2014-05-19T14:56:44","guid":{"rendered":"http:\/\/www.gruppopdregionetoscana.it\/web\/?p=8366"},"modified":"2014-05-19T16:56:44","modified_gmt":"2014-05-19T14:56:44","slug":"seves-ferrucci-boretti-licenziare-inammissibile-incomprensibile-solidarieta-lavoratori","status":"publish","type":"post","link":"https:\/\/www.gruppopdregionetoscana.it\/web\/seves-ferrucci-boretti-licenziare-inammissibile-incomprensibile-solidarieta-lavoratori\/","title":{"rendered":"Seves, Ferrucci e Boretti: \u201cLicenziare \u00e8 inammissibile e incomprensibile, solidariet\u00e0 ai lavoratori\u201d"},"content":{"rendered":"<p><a href=\"http:\/\/www.gruppopdregionetoscana.it\/web\/wp-content\/uploads\/2014\/05\/seves_manifestazione.jpg\"><img loading=\"lazy\" decoding=\"async\" class=\"alignleft size-medium wp-image-8369\" style=\"border: 5px solid white;\" alt=\"seves_manifestazione\" src=\"http:\/\/www.gruppopdregionetoscana.it\/web\/wp-content\/uploads\/2014\/05\/seves_manifestazione-300x225.jpg\" width=\"300\" height=\"225\" srcset=\"https:\/\/www.gruppopdregionetoscana.it\/web\/wp-content\/uploads\/2014\/05\/seves_manifestazione-300x225.jpg 300w, https:\/\/www.gruppopdregionetoscana.it\/web\/wp-content\/uploads\/2014\/05\/seves_manifestazione.jpg 400w\" sizes=\"auto, (max-width: 300px) 100vw, 300px\" \/><\/a>\u201cAnche per noi, come ha detto l\u2019assessore Simoncini, i licenziamenti annunciati ai lavoratori della Seves sono una decisione inaccettabile, un duro colpo inferto alla possibilit\u00e0 di mettere in moto una prospettiva di rilancio dell\u2019azienda. Un obiettivo, quest\u2019ultimo, al quale abbiamo sempre auspicato come rappresentanti delle istituzioni regionali, proprio perch\u00e9 lo ritenevamo e lo riteniamo ancora oggi possibile. Un epilogo del genere, per\u00f2, non lo capiamo e soprattutto lo troviamo incomprensibile, dato che ci sarebbe ancora la possibilit\u00e0 di fare ricorso agli ammortizzatori sociali per permettere a eventuali acquirenti di perfezionare un\u2019offerta. Pertanto, non possiamo che esprimere la nostra solidariet\u00e0 e vicinanza ai lavoratori coinvolti in questa complessa e annosa vertenza\u201d.<\/p>\n<p>&nbsp;<\/p>\n<p>E\u2019 quanto dichiarano Ivan Ferrucci capogruppo Pd in consiglio regionale e Vanessa Boretti consigliere regionale Pd \u2013 in merito alla situazione dei lavoratori della Seves.<\/p>\n","protected":false},"excerpt":{"rendered":"<p>\u201cAnche per noi, come ha detto l\u2019assessore Simoncini, i licenziamenti annunciati ai lavoratori della Seves sono una decisione inaccettabile, un duro colpo inferto alla possibilit\u00e0 di mettere in moto una prospettiva di rilancio dell\u2019azienda. Un obiettivo, quest\u2019ultimo, al quale abbiamo sempre auspicato come rappresentanti delle istituzioni regionali, proprio perch\u00e9 lo ritenevamo e lo riteniamo ancora [&hellip;]<\/p>\n","protected":false},"author":1,"featured_media":8369,"comment_status":"closed","ping_status":"closed","sticky":false,"template":"","format":"standard","meta":{"_jetpack_memberships_contains_paid_content":false,"footnotes":""},"categories":[30],"tags":[],"class_list":{"0":"post-8366","1":"post","2":"type-post","3":"status-publish","4":"format-standard","5":"has-post-thumbnail","7":"category-comunicati-stampa","8":"czr-hentry"},"jetpack_featured_media_url":"https:\/\/www.gruppopdregionetoscana.it\/web\/wp-content\/uploads\/2014\/05\/seves_manifestazione.jpg","jetpack_sharing_enabled":true,"_links":{"self":[{"href":"https:\/\/www.gruppopdregionetoscana.it\/web\/wp-json\/wp\/v2\/posts\/8366","targetHints":{"allow":["GET"]}}],"collection":[{"href":"https:\/\/www.gruppopdregionetoscana.it\/web\/wp-json\/wp\/v2\/posts"}],"about":[{"href":"https:\/\/www.gruppopdregionetoscana.it\/web\/wp-json\/wp\/v2\/types\/post"}],"author":[{"embeddable":true,"href":"https:\/\/www.gruppopdregionetoscana.it\/web\/wp-json\/wp\/v2\/users\/1"}],"replies":[{"embeddable":true,"href":"https:\/\/www.gruppopdregionetoscana.it\/web\/wp-json\/wp\/v2\/comments?post=8366"}],"version-history":[{"count":0,"href":"https:\/\/www.gruppopdregionetoscana.it\/web\/wp-json\/wp\/v2\/posts\/8366\/revisions"}],"wp:featuredmedia":[{"embeddable":true,"href":"https:\/\/www.gruppopdregionetoscana.it\/web\/wp-json\/wp\/v2\/media\/8369"}],"wp:attachment":[{"href":"https:\/\/www.gruppopdregionetoscana.it\/web\/wp-json\/wp\/v2\/media?parent=8366"}],"wp:term":[{"taxonomy":"category","embeddable":true,"href":"https:\/\/www.gruppopdregionetoscana.it\/web\/wp-json\/wp\/v2\/categories?post=8366"},{"taxonomy":"post_tag","embeddable":true,"href":"https:\/\/www.gruppopdregionetoscana.it\/web\/wp-json\/wp\/v2\/tags?post=8366"}],"curies":[{"name":"wp","href":"https:\/\/api.w.org\/{rel}","templated":true}]}}