{"id":8372,"date":"2014-05-29T17:59:46","date_gmt":"2014-05-29T15:59:46","guid":{"rendered":"http:\/\/www.gruppopdregionetoscana.it\/web\/?p=8372"},"modified":"2014-05-29T17:59:46","modified_gmt":"2014-05-29T15:59:46","slug":"presidio-associazioni-lgbt-contro-convegno-manif-pour-tous-lastri-boretti-pd-dalla-parte-promuove-cultura-diversita","status":"publish","type":"post","link":"https:\/\/www.gruppopdregionetoscana.it\/web\/presidio-associazioni-lgbt-contro-convegno-manif-pour-tous-lastri-boretti-pd-dalla-parte-promuove-cultura-diversita\/","title":{"rendered":"Presidio associazioni Lgbt contro convegno &#8220;La Manif Pour Tous&#8221;, Lastri e Boretti (Pd): \u201cDalla parte di chi promuove la cultura della diversit\u00e0\u201d"},"content":{"rendered":"<p><a href=\"http:\/\/www.gruppopdregionetoscana.it\/web\/wp-content\/uploads\/2014\/05\/universit\u00e0-lgbt_mid.jpg\"><img loading=\"lazy\" decoding=\"async\" class=\"alignleft size-medium wp-image-8373\" style=\"border: 5px solid white;\" alt=\"universit\u00e0-lgbt_mid\" src=\"http:\/\/www.gruppopdregionetoscana.it\/web\/wp-content\/uploads\/2014\/05\/universit\u00e0-lgbt_mid-300x145.jpg\" width=\"300\" height=\"145\" srcset=\"https:\/\/www.gruppopdregionetoscana.it\/web\/wp-content\/uploads\/2014\/05\/universit\u00e0-lgbt_mid-300x145.jpg 300w, https:\/\/www.gruppopdregionetoscana.it\/web\/wp-content\/uploads\/2014\/05\/universit\u00e0-lgbt_mid.jpg 400w\" sizes=\"auto, (max-width: 300px) 100vw, 300px\" \/><\/a>\u201cSolidariet\u00e0 e sostegno alle associazioni Lgbt\u00a0 e a quelle femminili, che oggi hanno presidiato in via Cavour e in piazza San Lorenzo a Firenze, in occasione dell&#8217;incontro promosso dall\u2019associazione &#8220;La Manif Pour Tous&#8221;, organizzato nell\u2019auditorium di Palazzo Panciatichi (Firenze). Abbiamo preso parte anche noi al presidio non solo per esprimere la nostra vicinanza alle associazioni, impegnate quotidianamente nella promozione e nella difesa della cultura della diversit\u00e0, ma anche per ribadire \u2013 perch\u00e9 crediamo ce ne sia davvero bisogno &#8211;\u00a0 quanto sia importante non creare o alimentare discriminazioni intorno a tutto quello che riguarda gli orientamenti sessuali delle persone. Questo significa contrastare atteggiamenti omofobi, di cui purtroppo anche le nostre cronache sono piene. Siamo convinte di essere in una Regione che da molti anni lavora per combattere ogni forma di discriminazione sia attraverso la nostra normativa in materia (vigente da oltre dieci anni) sia con progetti e iniziative nelle scuole, volte a sostenere una cultura dell\u2019accoglienza e del rispetto delle scelte personali; valori alla base di una societ\u00e0 civile, e sanciti dalla nostra Costituzione. Siamo dalla parte di chi ogni giorno lotta per l\u2019affermazione di questi valori e a sostegno di quei progetti che introducono nel nostro sistema scolastico l\u2019educazione di genere, contro ogni forma di stereotipo. La diversit\u00e0 dovrebbe diventare un elemento di ricchezza nella nostra societ\u00e0: \u00e8 impensabile voltarsi dall\u2019altra parte e guardare il futuro con il paraocchi del passato\u201d.<\/p>\n<p>&nbsp;<\/p>\n<p>E\u2019 quanto dichiarano <b>Daniela Lastri e Vanessa Boretti, consigliere regionali Pd, <\/b>in merito all&#8217;incontro organizzato da &#8220;La Manif Pour Tous&#8221;.<\/p>\n","protected":false},"excerpt":{"rendered":"<p>\u201cSolidariet\u00e0 e sostegno alle associazioni Lgbt\u00a0 e a quelle femminili, che oggi hanno presidiato in via Cavour e in piazza San Lorenzo a Firenze, in occasione dell&#8217;incontro promosso dall\u2019associazione &#8220;La Manif Pour Tous&#8221;, organizzato nell\u2019auditorium di Palazzo Panciatichi (Firenze). Abbiamo preso parte anche noi al presidio non solo per esprimere la nostra vicinanza alle associazioni, [&hellip;]<\/p>\n","protected":false},"author":1,"featured_media":8373,"comment_status":"closed","ping_status":"closed","sticky":false,"template":"","format":"standard","meta":{"_jetpack_memberships_contains_paid_content":false,"footnotes":""},"categories":[30],"tags":[],"class_list":{"0":"post-8372","1":"post","2":"type-post","3":"status-publish","4":"format-standard","5":"has-post-thumbnail","7":"category-comunicati-stampa","8":"czr-hentry"},"jetpack_featured_media_url":"https:\/\/www.gruppopdregionetoscana.it\/web\/wp-content\/uploads\/2014\/05\/universit\u00e0-lgbt_mid.jpg","jetpack_sharing_enabled":true,"_links":{"self":[{"href":"https:\/\/www.gruppopdregionetoscana.it\/web\/wp-json\/wp\/v2\/posts\/8372","targetHints":{"allow":["GET"]}}],"collection":[{"href":"https:\/\/www.gruppopdregionetoscana.it\/web\/wp-json\/wp\/v2\/posts"}],"about":[{"href":"https:\/\/www.gruppopdregionetoscana.it\/web\/wp-json\/wp\/v2\/types\/post"}],"author":[{"embeddable":true,"href":"https:\/\/www.gruppopdregionetoscana.it\/web\/wp-json\/wp\/v2\/users\/1"}],"replies":[{"embeddable":true,"href":"https:\/\/www.gruppopdregionetoscana.it\/web\/wp-json\/wp\/v2\/comments?post=8372"}],"version-history":[{"count":0,"href":"https:\/\/www.gruppopdregionetoscana.it\/web\/wp-json\/wp\/v2\/posts\/8372\/revisions"}],"wp:featuredmedia":[{"embeddable":true,"href":"https:\/\/www.gruppopdregionetoscana.it\/web\/wp-json\/wp\/v2\/media\/8373"}],"wp:attachment":[{"href":"https:\/\/www.gruppopdregionetoscana.it\/web\/wp-json\/wp\/v2\/media?parent=8372"}],"wp:term":[{"taxonomy":"category","embeddable":true,"href":"https:\/\/www.gruppopdregionetoscana.it\/web\/wp-json\/wp\/v2\/categories?post=8372"},{"taxonomy":"post_tag","embeddable":true,"href":"https:\/\/www.gruppopdregionetoscana.it\/web\/wp-json\/wp\/v2\/tags?post=8372"}],"curies":[{"name":"wp","href":"https:\/\/api.w.org\/{rel}","templated":true}]}}