{"id":8421,"date":"2014-06-04T19:15:23","date_gmt":"2014-06-04T17:15:23","guid":{"rendered":"http:\/\/www.gruppopdregionetoscana.it\/web\/?p=8421"},"modified":"2014-06-04T19:15:23","modified_gmt":"2014-06-04T17:15:23","slug":"sollicciano-brogi-pd-umanamente-inaccettabile-cosi-paese-non-puo-definirsi-civile","status":"publish","type":"post","link":"https:\/\/www.gruppopdregionetoscana.it\/web\/sollicciano-brogi-pd-umanamente-inaccettabile-cosi-paese-non-puo-definirsi-civile\/","title":{"rendered":"Sollicciano, Brogi Pd: \u201cUmanamente inaccettabile. Cos\u00ec questo Paese non pu\u00f2 definirsi civile\u201d"},"content":{"rendered":"<p><a href=\"http:\/\/www.gruppopdregionetoscana.it\/web\/wp-content\/uploads\/2014\/01\/2188964-sollicciano1.jpg\"><img loading=\"lazy\" decoding=\"async\" class=\"alignleft wp-image-7412 size-medium\" src=\"http:\/\/www.gruppopdregionetoscana.it\/web\/wp-content\/uploads\/2014\/01\/2188964-sollicciano1-300x168.jpg\" alt=\"2188964-sollicciano\" width=\"300\" height=\"168\" srcset=\"https:\/\/www.gruppopdregionetoscana.it\/web\/wp-content\/uploads\/2014\/01\/2188964-sollicciano1-300x168.jpg 300w, https:\/\/www.gruppopdregionetoscana.it\/web\/wp-content\/uploads\/2014\/01\/2188964-sollicciano1.jpg 400w\" sizes=\"auto, (max-width: 300px) 100vw, 300px\" \/><\/a>\u201cStiamo rincorrendo una situazione che scivola sempre pi\u00f9 in basso, e per questo non riusciamo ad afferrarla. La tragedia di ieri nel carcere di Sollicciano &#8211; dove torner\u00f2 a fare visita anche nei prossimi giorni &#8211; e i disordini di oggi, sono simbolo di una condizione umana drammatica. La situazione \u00e8 incandescente, non possiamo rimandare, \u00e8 necessario intervenire; il sistema penitenziario deve essere riformato, perch\u00e9 tragedie del genere sono inaccettabili per un Paese che vuole definirsi civile e che affida alle pene un valore rieducativo. Niente di pi\u00f9 lontano dalla realt\u00e0 delle nostre carceri. Mi rivolgo alle istituzioni nazionali affinch\u00e9 siano presi provvedimenti importanti in grado di imprimere una svolta vera per il sistema penitenziario\u201d.<\/p>\n<p>E\u2019 quanto dichiara Enzo Brogi consigliere regionale Pd, sulle condizioni del carcere di Sollicciano.<\/p>\n","protected":false},"excerpt":{"rendered":"<p>\u201cStiamo rincorrendo una situazione che scivola sempre pi\u00f9 in basso, e per questo non riusciamo ad afferrarla. La tragedia di ieri nel carcere di Sollicciano &#8211; dove torner\u00f2 a fare visita anche nei prossimi giorni &#8211; e i disordini di oggi, sono simbolo di una condizione umana drammatica. La situazione \u00e8 incandescente, non possiamo rimandare, [&hellip;]<\/p>\n","protected":false},"author":1,"featured_media":7412,"comment_status":"closed","ping_status":"closed","sticky":false,"template":"","format":"standard","meta":{"_jetpack_memberships_contains_paid_content":false,"footnotes":""},"categories":[30],"tags":[],"class_list":{"0":"post-8421","1":"post","2":"type-post","3":"status-publish","4":"format-standard","5":"has-post-thumbnail","7":"category-comunicati-stampa","8":"czr-hentry"},"jetpack_featured_media_url":"https:\/\/www.gruppopdregionetoscana.it\/web\/wp-content\/uploads\/2014\/01\/2188964-sollicciano1.jpg","jetpack_sharing_enabled":true,"_links":{"self":[{"href":"https:\/\/www.gruppopdregionetoscana.it\/web\/wp-json\/wp\/v2\/posts\/8421","targetHints":{"allow":["GET"]}}],"collection":[{"href":"https:\/\/www.gruppopdregionetoscana.it\/web\/wp-json\/wp\/v2\/posts"}],"about":[{"href":"https:\/\/www.gruppopdregionetoscana.it\/web\/wp-json\/wp\/v2\/types\/post"}],"author":[{"embeddable":true,"href":"https:\/\/www.gruppopdregionetoscana.it\/web\/wp-json\/wp\/v2\/users\/1"}],"replies":[{"embeddable":true,"href":"https:\/\/www.gruppopdregionetoscana.it\/web\/wp-json\/wp\/v2\/comments?post=8421"}],"version-history":[{"count":0,"href":"https:\/\/www.gruppopdregionetoscana.it\/web\/wp-json\/wp\/v2\/posts\/8421\/revisions"}],"wp:featuredmedia":[{"embeddable":true,"href":"https:\/\/www.gruppopdregionetoscana.it\/web\/wp-json\/wp\/v2\/media\/7412"}],"wp:attachment":[{"href":"https:\/\/www.gruppopdregionetoscana.it\/web\/wp-json\/wp\/v2\/media?parent=8421"}],"wp:term":[{"taxonomy":"category","embeddable":true,"href":"https:\/\/www.gruppopdregionetoscana.it\/web\/wp-json\/wp\/v2\/categories?post=8421"},{"taxonomy":"post_tag","embeddable":true,"href":"https:\/\/www.gruppopdregionetoscana.it\/web\/wp-json\/wp\/v2\/tags?post=8421"}],"curies":[{"name":"wp","href":"https:\/\/api.w.org\/{rel}","templated":true}]}}