{"id":8600,"date":"2014-07-04T18:37:09","date_gmt":"2014-07-04T16:37:09","guid":{"rendered":"http:\/\/www.gruppopdregionetoscana.it\/web\/?p=8600"},"modified":"2014-07-04T18:51:31","modified_gmt":"2014-07-04T16:51:31","slug":"crescere-innovando-sostenibilita-competitivita-video-convegno-gruppo-pd-in-regione","status":"publish","type":"post","link":"https:\/\/www.gruppopdregionetoscana.it\/web\/crescere-innovando-sostenibilita-competitivita-video-convegno-gruppo-pd-in-regione\/","title":{"rendered":"Crescere innovando, sostenibilit\u00e0 e competitivit\u00e0. Il video del convegno del gruppo Pd in Regione"},"content":{"rendered":"<p>&#8220;Crescere innovando, competitivit\u00e0 e sostenibilit\u00e0&#8221;, l&#8217;incontro presso l&#8217;auditorium del Consiglio regionale di venerd\u00ec 27 giungo. Il terzo appuntamento del ciclo di incontri organizzati dal gruppo Pd in Regione sullo sviluppo e le riforme. Al convegno, coordinato dal Direttore del Corriere Fiorentino, Paolo Ermini, hanno partecipato il viceministro dell&#8217;economia, Enrico Morando, Ivan Ferrucci presidente gruppo Pd Consiglio regionale della Toscana, Leonardo Bassilichi presidente Camera di Commercio, Industria e Artigianato di Firenze, Dario Parrini, segretario Pd Toscana, Gianfranco SImoncini assessore alle attivit\u00e0 produttive e al lavoro della Regione Toscana.<\/p>\n<p><iframe loading=\"lazy\" width=\"420\" height=\"315\" src=\"\/\/www.youtube.com\/embed\/R7od6i-wm8I\" frameborder=\"0\" allowfullscreen><\/iframe><\/p>\n<p>Servizio realizzato dalla redazione del sito. <\/p>\n","protected":false},"excerpt":{"rendered":"<p>&#8220;Crescere innovando, competitivit\u00e0 e sostenibilit\u00e0&#8221;, l&#8217;incontro presso l&#8217;auditorium del Consiglio regionale di venerd\u00ec 27 giungo. Il terzo appuntamento del ciclo di incontri organizzati dal gruppo Pd in Regione sullo sviluppo e le riforme. Al convegno, coordinato dal Direttore del Corriere Fiorentino, Paolo Ermini, hanno partecipato il viceministro dell&#8217;economia, Enrico Morando, Ivan Ferrucci presidente gruppo Pd [&hellip;]<\/p>\n","protected":false},"author":1,"featured_media":0,"comment_status":"closed","ping_status":"closed","sticky":false,"template":"","format":"standard","meta":{"_jetpack_memberships_contains_paid_content":false,"footnotes":""},"categories":[209,11],"tags":[],"class_list":{"0":"post-8600","1":"post","2":"type-post","3":"status-publish","4":"format-standard","6":"category-eventi","7":"category-video","8":"czr-hentry"},"jetpack_featured_media_url":"","jetpack_sharing_enabled":true,"_links":{"self":[{"href":"https:\/\/www.gruppopdregionetoscana.it\/web\/wp-json\/wp\/v2\/posts\/8600","targetHints":{"allow":["GET"]}}],"collection":[{"href":"https:\/\/www.gruppopdregionetoscana.it\/web\/wp-json\/wp\/v2\/posts"}],"about":[{"href":"https:\/\/www.gruppopdregionetoscana.it\/web\/wp-json\/wp\/v2\/types\/post"}],"author":[{"embeddable":true,"href":"https:\/\/www.gruppopdregionetoscana.it\/web\/wp-json\/wp\/v2\/users\/1"}],"replies":[{"embeddable":true,"href":"https:\/\/www.gruppopdregionetoscana.it\/web\/wp-json\/wp\/v2\/comments?post=8600"}],"version-history":[{"count":0,"href":"https:\/\/www.gruppopdregionetoscana.it\/web\/wp-json\/wp\/v2\/posts\/8600\/revisions"}],"wp:attachment":[{"href":"https:\/\/www.gruppopdregionetoscana.it\/web\/wp-json\/wp\/v2\/media?parent=8600"}],"wp:term":[{"taxonomy":"category","embeddable":true,"href":"https:\/\/www.gruppopdregionetoscana.it\/web\/wp-json\/wp\/v2\/categories?post=8600"},{"taxonomy":"post_tag","embeddable":true,"href":"https:\/\/www.gruppopdregionetoscana.it\/web\/wp-json\/wp\/v2\/tags?post=8600"}],"curies":[{"name":"wp","href":"https:\/\/api.w.org\/{rel}","templated":true}]}}