{"id":8608,"date":"2014-07-07T17:25:02","date_gmt":"2014-07-07T15:25:02","guid":{"rendered":"http:\/\/www.gruppopdregionetoscana.it\/web\/?p=8608"},"modified":"2014-07-07T17:25:02","modified_gmt":"2014-07-07T15:25:02","slug":"esaote-boretti-pd-necessario-difendere-sede-fiorentina-non-abbasseremo-guardia","status":"publish","type":"post","link":"https:\/\/www.gruppopdregionetoscana.it\/web\/esaote-boretti-pd-necessario-difendere-sede-fiorentina-non-abbasseremo-guardia\/","title":{"rendered":"Esaote, Boretti (Pd): \u201cNecessario difendere sede fiorentina, non abbasseremo la guardia\u201d"},"content":{"rendered":"<p><a href=\"http:\/\/www.gruppopdregionetoscana.it\/web\/wp-content\/uploads\/2014\/06\/0.jpg\"><img loading=\"lazy\" decoding=\"async\" class=\"alignleft size-medium wp-image-8442\" src=\"http:\/\/www.gruppopdregionetoscana.it\/web\/wp-content\/uploads\/2014\/06\/0-300x169.jpg\" alt=\"0\" width=\"300\" height=\"169\" srcset=\"https:\/\/www.gruppopdregionetoscana.it\/web\/wp-content\/uploads\/2014\/06\/0-300x169.jpg 300w, https:\/\/www.gruppopdregionetoscana.it\/web\/wp-content\/uploads\/2014\/06\/0.jpg 400w\" sizes=\"auto, (max-width: 300px) 100vw, 300px\" \/><\/a>\u201cSono notizie allarmanti quelle che si stanno diffondendo sulla sede fiorentina di Esaote: la Regione e tutti i livelli istituzionali interessati devono assolutamente rivendicare il sostegno dato finora a questa realt\u00e0 industriale. Basti ricordare circa otto milioni di finanziamenti che proprio la Regione Toscana ha messo a disposizione in questi anni per la realizzazione di progetti volti al rilancio della produzione. Pertanto, \u00e8 giusto che ci sia un richiamo alle responsabilit\u00e0 dell&#8217;azienda in virt\u00f9 degli impegni che sono stati presi. Condividiamo la preoccupazione dei lavoratori e siamo dalla loro parte per difendere con forza lo stabilimento, non abbasseremo la guardia\u201d.<br \/>\nA dirlo \u00e8 Vanessa Boretti, consigliera regionale Pd, che questo pomeriggio ha incontrato i lavoratori Esaote che si trovavano in piazza della Signoria in occasione della seduta del Consiglio comunale per esporre la propria situazione.<br \/>\n\u201cIl piano industriale avanzato dai vertici aziendali non tutela i lavoratori e penalizza notevolmente un eccellenza del tessuto produttivo locale e regionale. \u2013 prosegue Boretti &#8211; Ancora pi\u00f9 grave poi sarebbe la situazione se fossero vere le voci relative a una possibile cessione della sede fiorentina, come hanno denunciato i sindacati. La nostra economia \u00e8 stata gi\u00e0 fortemente penalizzata dalla crisi. Non possiamo permetterci di perdere pezzi importanti del nostro sistema per colpa di piani industriali sbagliati: auspico che da parte dei vertici aziendali ci sia la volont\u00e0 di riaprire un confronto che vada nella direzione della tutela dei lavoratori e del rilancio della produzione. La Regione continuer\u00e0 a monitorare i passaggi della vicenda, mettendo in campo tutte le azioni possibili e necessarie perch\u00e9 questo confronto si realizzi quanto prima e per tutelare lavoratori e professionalit\u00e0\u201d.<\/p>\n","protected":false},"excerpt":{"rendered":"<p>\u201cSono notizie allarmanti quelle che si stanno diffondendo sulla sede fiorentina di Esaote: la Regione e tutti i livelli istituzionali interessati devono assolutamente rivendicare il sostegno dato finora a questa realt\u00e0 industriale. Basti ricordare circa otto milioni di finanziamenti che proprio la Regione Toscana ha messo a disposizione in questi anni per la realizzazione di [&hellip;]<\/p>\n","protected":false},"author":1,"featured_media":8442,"comment_status":"closed","ping_status":"closed","sticky":false,"template":"","format":"standard","meta":{"_jetpack_memberships_contains_paid_content":false,"footnotes":""},"categories":[30],"tags":[],"class_list":{"0":"post-8608","1":"post","2":"type-post","3":"status-publish","4":"format-standard","5":"has-post-thumbnail","7":"category-comunicati-stampa","8":"czr-hentry"},"jetpack_featured_media_url":"https:\/\/www.gruppopdregionetoscana.it\/web\/wp-content\/uploads\/2014\/06\/0.jpg","jetpack_sharing_enabled":true,"_links":{"self":[{"href":"https:\/\/www.gruppopdregionetoscana.it\/web\/wp-json\/wp\/v2\/posts\/8608","targetHints":{"allow":["GET"]}}],"collection":[{"href":"https:\/\/www.gruppopdregionetoscana.it\/web\/wp-json\/wp\/v2\/posts"}],"about":[{"href":"https:\/\/www.gruppopdregionetoscana.it\/web\/wp-json\/wp\/v2\/types\/post"}],"author":[{"embeddable":true,"href":"https:\/\/www.gruppopdregionetoscana.it\/web\/wp-json\/wp\/v2\/users\/1"}],"replies":[{"embeddable":true,"href":"https:\/\/www.gruppopdregionetoscana.it\/web\/wp-json\/wp\/v2\/comments?post=8608"}],"version-history":[{"count":0,"href":"https:\/\/www.gruppopdregionetoscana.it\/web\/wp-json\/wp\/v2\/posts\/8608\/revisions"}],"wp:featuredmedia":[{"embeddable":true,"href":"https:\/\/www.gruppopdregionetoscana.it\/web\/wp-json\/wp\/v2\/media\/8442"}],"wp:attachment":[{"href":"https:\/\/www.gruppopdregionetoscana.it\/web\/wp-json\/wp\/v2\/media?parent=8608"}],"wp:term":[{"taxonomy":"category","embeddable":true,"href":"https:\/\/www.gruppopdregionetoscana.it\/web\/wp-json\/wp\/v2\/categories?post=8608"},{"taxonomy":"post_tag","embeddable":true,"href":"https:\/\/www.gruppopdregionetoscana.it\/web\/wp-json\/wp\/v2\/tags?post=8608"}],"curies":[{"name":"wp","href":"https:\/\/api.w.org\/{rel}","templated":true}]}}