{"id":8889,"date":"2014-09-04T15:32:40","date_gmt":"2014-09-04T13:32:40","guid":{"rendered":"http:\/\/www.gruppopdregionetoscana.it\/web\/?p=8889"},"modified":"2014-09-04T15:41:56","modified_gmt":"2014-09-04T13:41:56","slug":"shelbox-boretti-pd-bloccata-ripartenza-doccia-gelata-per-i-lavoratori-prosegue-sostegno-regione","status":"publish","type":"post","link":"https:\/\/www.gruppopdregionetoscana.it\/web\/shelbox-boretti-pd-bloccata-ripartenza-doccia-gelata-per-i-lavoratori-prosegue-sostegno-regione\/","title":{"rendered":"Shelbox, Boretti (Pd): \u201cBloccata la ripartenza, doccia gelata per i lavoratori: prosegue sostegno della Regione\u201d"},"content":{"rendered":"<p><strong><a href=\"http:\/\/www.gruppopdregionetoscana.it\/web\/wp-content\/uploads\/2014\/03\/castelfiorentino_shelbox_presidio_gennaio2013_foto_facebook_8.jpg\"><img loading=\"lazy\" decoding=\"async\" class=\"alignleft size-medium wp-image-7783\" src=\"http:\/\/www.gruppopdregionetoscana.it\/web\/wp-content\/uploads\/2014\/03\/castelfiorentino_shelbox_presidio_gennaio2013_foto_facebook_8-300x225.jpg\" alt=\"castelfiorentino_shelbox_presidio_gennaio2013_foto_facebook_8\" width=\"300\" height=\"225\" srcset=\"https:\/\/www.gruppopdregionetoscana.it\/web\/wp-content\/uploads\/2014\/03\/castelfiorentino_shelbox_presidio_gennaio2013_foto_facebook_8-300x225.jpg 300w, https:\/\/www.gruppopdregionetoscana.it\/web\/wp-content\/uploads\/2014\/03\/castelfiorentino_shelbox_presidio_gennaio2013_foto_facebook_8.jpg 640w\" sizes=\"auto, (max-width: 300px) 100vw, 300px\" \/><\/a><\/strong>\u201cUna doccia gelata, giunta a poche ore dalla firma dell\u2019accordo con la Solaris 3, che si era impegnata fortemente, e soprattutto giunta a poche ore dalla scadenza della Cassa Integrazione\u201d. Cos\u00ec <strong>Vanessa Boretti<\/strong>, consigliera regionale Pd, commenta il passo indietro della Solaris 3, la cordata di imprenditori interessata a rilevare l\u2019azienda Shelbox di Castelfiorentino, fallita nel 2013.<\/p>\n<p>\u201cCredo che tutti i soggetti coinvolti abbiano fatto il massimo: le istituzioni, Comune di Castelfiorentino, Provincia di Firenze e Regione Toscana, le organizzazioni sindacali e soprattutto quei lavoratori che da quasi due anni sono in presidio permanente, e che hanno provato in ogni modo, con dignit\u00e0 e grandissimo senso di responsabilit\u00e0, a tenere alta l&#8217;attenzione e a collaborare con l\u2019obiettivo di costruire un percorso alternativo, per il bene di tutti. \u2013 prosegue Boretti &#8211; A ora purtroppo, la decisione improvvisa della cordata ha interrotto il cammino verso una ripartenza della Shelbox. Da sabato 6 settembre pi\u00f9 di 100 lavoratori saranno in mobilit\u00e0; bisogner\u00e0 continuare, dal punto di vista istituzionale, a supportarli con tutti gli strumenti possibili e mi impegner\u00f2 personalmente perch\u00e9 la Regione prosegua il suo sostegno in questo senso. Resta l&#8217;amaro in bocca per l&#8217;ennesima dimostrazione che in questo Paese il problema non \u00e8 come rendere pi\u00f9 semplice licenziare, ma come creare nuova e buona occupazione\u201d.<\/p>\n","protected":false},"excerpt":{"rendered":"<p>\u201cUna doccia gelata, giunta a poche ore dalla firma dell\u2019accordo con la Solaris 3, che si era impegnata fortemente, e soprattutto giunta a poche ore dalla scadenza della Cassa Integrazione\u201d. Cos\u00ec Vanessa Boretti, consigliera regionale Pd, commenta il passo indietro della Solaris 3, la cordata di imprenditori interessata a rilevare l\u2019azienda Shelbox di Castelfiorentino, fallita [&hellip;]<\/p>\n","protected":false},"author":1,"featured_media":7783,"comment_status":"closed","ping_status":"closed","sticky":false,"template":"","format":"standard","meta":{"_jetpack_memberships_contains_paid_content":false,"footnotes":""},"categories":[30],"tags":[],"class_list":{"0":"post-8889","1":"post","2":"type-post","3":"status-publish","4":"format-standard","5":"has-post-thumbnail","7":"category-comunicati-stampa","8":"czr-hentry"},"jetpack_featured_media_url":"https:\/\/www.gruppopdregionetoscana.it\/web\/wp-content\/uploads\/2014\/03\/castelfiorentino_shelbox_presidio_gennaio2013_foto_facebook_8.jpg","jetpack_sharing_enabled":true,"_links":{"self":[{"href":"https:\/\/www.gruppopdregionetoscana.it\/web\/wp-json\/wp\/v2\/posts\/8889","targetHints":{"allow":["GET"]}}],"collection":[{"href":"https:\/\/www.gruppopdregionetoscana.it\/web\/wp-json\/wp\/v2\/posts"}],"about":[{"href":"https:\/\/www.gruppopdregionetoscana.it\/web\/wp-json\/wp\/v2\/types\/post"}],"author":[{"embeddable":true,"href":"https:\/\/www.gruppopdregionetoscana.it\/web\/wp-json\/wp\/v2\/users\/1"}],"replies":[{"embeddable":true,"href":"https:\/\/www.gruppopdregionetoscana.it\/web\/wp-json\/wp\/v2\/comments?post=8889"}],"version-history":[{"count":0,"href":"https:\/\/www.gruppopdregionetoscana.it\/web\/wp-json\/wp\/v2\/posts\/8889\/revisions"}],"wp:featuredmedia":[{"embeddable":true,"href":"https:\/\/www.gruppopdregionetoscana.it\/web\/wp-json\/wp\/v2\/media\/7783"}],"wp:attachment":[{"href":"https:\/\/www.gruppopdregionetoscana.it\/web\/wp-json\/wp\/v2\/media?parent=8889"}],"wp:term":[{"taxonomy":"category","embeddable":true,"href":"https:\/\/www.gruppopdregionetoscana.it\/web\/wp-json\/wp\/v2\/categories?post=8889"},{"taxonomy":"post_tag","embeddable":true,"href":"https:\/\/www.gruppopdregionetoscana.it\/web\/wp-json\/wp\/v2\/tags?post=8889"}],"curies":[{"name":"wp","href":"https:\/\/api.w.org\/{rel}","templated":true}]}}