{"id":8896,"date":"2014-09-05T18:45:33","date_gmt":"2014-09-05T16:45:33","guid":{"rendered":"http:\/\/www.gruppopdregionetoscana.it\/web\/?p=8896"},"modified":"2014-09-05T18:48:15","modified_gmt":"2014-09-05T16:48:15","slug":"cannabis-terapeutica-verso-filiera-toscana","status":"publish","type":"post","link":"https:\/\/www.gruppopdregionetoscana.it\/web\/cannabis-terapeutica-verso-filiera-toscana\/","title":{"rendered":"Cannabis terapeutica, Brogi (Pd): &#8220;Verso la filiera toscana&#8221;"},"content":{"rendered":"<p><a href=\"http:\/\/www.gruppopdregionetoscana.it\/web\/wp-content\/uploads\/2014\/09\/istituto-chimico-farmaceutico-militare.jpg\"><img loading=\"lazy\" decoding=\"async\" class=\"alignleft size-medium wp-image-8898\" src=\"http:\/\/www.gruppopdregionetoscana.it\/web\/wp-content\/uploads\/2014\/09\/istituto-chimico-farmaceutico-militare-300x219.jpg\" alt=\"istituto-chimico-farmaceutico-militare\" width=\"300\" height=\"219\" srcset=\"https:\/\/www.gruppopdregionetoscana.it\/web\/wp-content\/uploads\/2014\/09\/istituto-chimico-farmaceutico-militare-300x219.jpg 300w, https:\/\/www.gruppopdregionetoscana.it\/web\/wp-content\/uploads\/2014\/09\/istituto-chimico-farmaceutico-militare-220x161.jpg 220w, https:\/\/www.gruppopdregionetoscana.it\/web\/wp-content\/uploads\/2014\/09\/istituto-chimico-farmaceutico-militare.jpg 400w\" sizes=\"auto, (max-width: 300px) 100vw, 300px\" \/><\/a>Il consigliere regionale Enzo Brogi (Pd), promotore della prima legge regionale in Italia sull\u2019uso terapeutico della cannabis, commenta la possibilit\u00e0 di avviare la produzione presso lo stabilimento militare fiorentino.<\/p>\n<p>&nbsp;<\/p>\n<p>\u201cE\u2019 di oggi la notizia che finalmente l\u2019accordo tra il Ministero della Difesa e quello della Salute per la produzione di cannabis a uso terapeutico \u00e8 stato raggiunto. E come da tempo, assieme al sen. Luigi Manconi, abbiamo proposto, verr\u00e0 prodotta dallo Stabilimento Chimico Farmaceutico Militare di Firenze. Uno stabilimento prestigioso, con alte professionalit\u00e0, che avr\u00e0 cos\u00ec una grande occasione di ulteriore sviluppo scientifico e anche occupazionale. Una buona notizia, insomma, che potr\u00e0 dare il via a quella che ho definito la \u201cfiliera corta\u201d della cannabis terapeutica, che anzich\u00e9 arrivare dall\u2019estero, con tempi lunghi e costi altissimi, potr\u00e0 essere coltivata e lavorata in Italia\u201d \u2013 dichiara il consigliere regionale Enzo Brogi.<\/p>\n<p>&nbsp;<\/p>\n<p>\u201cAdesso restano da redigere i protocolli attuativi, che auspico arrivino nel pi\u00f9 breve tempo possibile, e che la notizia non resti soltanto un intento su carta. Da troppo tempo, infatti, i pazienti che lamentano le difficolt\u00e0, o addirittura l\u2019impossibilit\u00e0 di accesso terapeutico alla cannabis, previsto dal 2007, stanno aspettando una soluzione. E quella che si prospetta in questi giorni\u201d \u2013 conclude Brogi \u2013 \u201ce che vede protagonista proprio Firenze, nella Regione che per prima ha approvato una legge ad hoc, pu\u00f2 rappresentare un punto di svolta e una boccata d\u2019ossigeno per tanti malati\u201d .<\/p>\n","protected":false},"excerpt":{"rendered":"<p>Il consigliere regionale Enzo Brogi (Pd), promotore della prima legge regionale in Italia sull\u2019uso terapeutico della cannabis, commenta la possibilit\u00e0 di avviare la produzione presso lo stabilimento militare fiorentino. &nbsp; \u201cE\u2019 di oggi la notizia che finalmente l\u2019accordo tra il Ministero della Difesa e quello della Salute per la produzione di cannabis a uso terapeutico [&hellip;]<\/p>\n","protected":false},"author":1,"featured_media":8898,"comment_status":"closed","ping_status":"closed","sticky":false,"template":"","format":"standard","meta":{"_jetpack_memberships_contains_paid_content":false,"footnotes":""},"categories":[30],"tags":[],"class_list":{"0":"post-8896","1":"post","2":"type-post","3":"status-publish","4":"format-standard","5":"has-post-thumbnail","7":"category-comunicati-stampa","8":"czr-hentry"},"jetpack_featured_media_url":"https:\/\/www.gruppopdregionetoscana.it\/web\/wp-content\/uploads\/2014\/09\/istituto-chimico-farmaceutico-militare.jpg","jetpack_sharing_enabled":true,"_links":{"self":[{"href":"https:\/\/www.gruppopdregionetoscana.it\/web\/wp-json\/wp\/v2\/posts\/8896","targetHints":{"allow":["GET"]}}],"collection":[{"href":"https:\/\/www.gruppopdregionetoscana.it\/web\/wp-json\/wp\/v2\/posts"}],"about":[{"href":"https:\/\/www.gruppopdregionetoscana.it\/web\/wp-json\/wp\/v2\/types\/post"}],"author":[{"embeddable":true,"href":"https:\/\/www.gruppopdregionetoscana.it\/web\/wp-json\/wp\/v2\/users\/1"}],"replies":[{"embeddable":true,"href":"https:\/\/www.gruppopdregionetoscana.it\/web\/wp-json\/wp\/v2\/comments?post=8896"}],"version-history":[{"count":0,"href":"https:\/\/www.gruppopdregionetoscana.it\/web\/wp-json\/wp\/v2\/posts\/8896\/revisions"}],"wp:featuredmedia":[{"embeddable":true,"href":"https:\/\/www.gruppopdregionetoscana.it\/web\/wp-json\/wp\/v2\/media\/8898"}],"wp:attachment":[{"href":"https:\/\/www.gruppopdregionetoscana.it\/web\/wp-json\/wp\/v2\/media?parent=8896"}],"wp:term":[{"taxonomy":"category","embeddable":true,"href":"https:\/\/www.gruppopdregionetoscana.it\/web\/wp-json\/wp\/v2\/categories?post=8896"},{"taxonomy":"post_tag","embeddable":true,"href":"https:\/\/www.gruppopdregionetoscana.it\/web\/wp-json\/wp\/v2\/tags?post=8896"}],"curies":[{"name":"wp","href":"https:\/\/api.w.org\/{rel}","templated":true}]}}