{"id":8902,"date":"2014-09-08T15:28:23","date_gmt":"2014-09-08T13:28:23","guid":{"rendered":"http:\/\/www.gruppopdregionetoscana.it\/web\/?p=8902"},"modified":"2014-09-08T15:28:23","modified_gmt":"2014-09-08T13:28:23","slug":"esaote-boretti-pd-vicinanza-lavoratori-importante-mantenere-reparto-ricerca-sviluppo-firenze","status":"publish","type":"post","link":"https:\/\/www.gruppopdregionetoscana.it\/web\/esaote-boretti-pd-vicinanza-lavoratori-importante-mantenere-reparto-ricerca-sviluppo-firenze\/","title":{"rendered":"Esaote, Boretti (Pd): \u201cVicinanza a lavoratori, importante mantenere reparto Ricerca e sviluppo a Firenze\u201d"},"content":{"rendered":"<p><strong><a href=\"http:\/\/www.gruppopdregionetoscana.it\/web\/wp-content\/uploads\/2014\/06\/0.jpg\"><img loading=\"lazy\" decoding=\"async\" class=\"alignleft size-medium wp-image-8442\" src=\"http:\/\/www.gruppopdregionetoscana.it\/web\/wp-content\/uploads\/2014\/06\/0-300x169.jpg\" alt=\"0\" width=\"300\" height=\"169\" srcset=\"https:\/\/www.gruppopdregionetoscana.it\/web\/wp-content\/uploads\/2014\/06\/0-300x169.jpg 300w, https:\/\/www.gruppopdregionetoscana.it\/web\/wp-content\/uploads\/2014\/06\/0.jpg 400w\" sizes=\"auto, (max-width: 300px) 100vw, 300px\" \/><\/a><\/strong>\u201cAnche oggi sono assieme ai lavoratori Esaote, per ribadire\u00a0 la mia vicinanza e solidariet\u00e0 alla battaglia che stanno portando avanti con determinazione, senza farsi scoraggiare dalla difficolt\u00e0 della situazione e dalla volont\u00e0 dell&#8217;azienda, finora in contrasto con le posizioni da loro giustamente difese\u201d. A dirlo \u00e8 <strong>Vanessa Boretti<\/strong>, consigliera regionale Pd, che stamattina a Firenze ha partecipato al presidio dei lavoratori Esaote, davanti allo stabilimento.<\/p>\n<p>&nbsp;<\/p>\n<p>\u201cI prossimi giorni saranno molto importanti perch\u00e9 gioved\u00ec si terr\u00e0 un nuovo incontro al Ministero dello Sviluppo Economico tra organizzazioni sindacali, azienda e Istituzioni: la Regione sar\u00e0 presente e proseguir\u00e0 il suo impegno in tutela di un importante pezzo dell\u2019industria cittadina, toscana e nazionale. \u2013 continua Boretti \u2013 Siamo consapevoli che la priorit\u00e0 \u00e8 provare fino all&#8217;ultimo momento utile a mantenere il reparto Ricerca e sviluppo a Firenze perch\u00e9 \u00e8 vero che l&#8217;azienda si \u00e8 impegnata a potenziare la produzione di sonde nello stabilimento fiorentino, ma sarebbe dannoso per tutti perdere quel valore aggiunto. Auspico quindi che il tavolo dell&#8217;11 settembre consenta di raggiungere questo obiettivo, confermando nei fatti, con scelte conseguenti, la strategicit\u00e0 di Esaote a Firenze\u201d.<\/p>\n<p>&nbsp;<\/p>\n","protected":false},"excerpt":{"rendered":"<p>\u201cAnche oggi sono assieme ai lavoratori Esaote, per ribadire\u00a0 la mia vicinanza e solidariet\u00e0 alla battaglia che stanno portando avanti con determinazione, senza farsi scoraggiare dalla difficolt\u00e0 della situazione e dalla volont\u00e0 dell&#8217;azienda, finora in contrasto con le posizioni da loro giustamente difese\u201d. A dirlo \u00e8 Vanessa Boretti, consigliera regionale Pd, che stamattina a Firenze [&hellip;]<\/p>\n","protected":false},"author":1,"featured_media":8442,"comment_status":"closed","ping_status":"closed","sticky":false,"template":"","format":"standard","meta":{"_jetpack_memberships_contains_paid_content":false,"footnotes":""},"categories":[30],"tags":[],"class_list":{"0":"post-8902","1":"post","2":"type-post","3":"status-publish","4":"format-standard","5":"has-post-thumbnail","7":"category-comunicati-stampa","8":"czr-hentry"},"jetpack_featured_media_url":"https:\/\/www.gruppopdregionetoscana.it\/web\/wp-content\/uploads\/2014\/06\/0.jpg","jetpack_sharing_enabled":true,"_links":{"self":[{"href":"https:\/\/www.gruppopdregionetoscana.it\/web\/wp-json\/wp\/v2\/posts\/8902","targetHints":{"allow":["GET"]}}],"collection":[{"href":"https:\/\/www.gruppopdregionetoscana.it\/web\/wp-json\/wp\/v2\/posts"}],"about":[{"href":"https:\/\/www.gruppopdregionetoscana.it\/web\/wp-json\/wp\/v2\/types\/post"}],"author":[{"embeddable":true,"href":"https:\/\/www.gruppopdregionetoscana.it\/web\/wp-json\/wp\/v2\/users\/1"}],"replies":[{"embeddable":true,"href":"https:\/\/www.gruppopdregionetoscana.it\/web\/wp-json\/wp\/v2\/comments?post=8902"}],"version-history":[{"count":0,"href":"https:\/\/www.gruppopdregionetoscana.it\/web\/wp-json\/wp\/v2\/posts\/8902\/revisions"}],"wp:featuredmedia":[{"embeddable":true,"href":"https:\/\/www.gruppopdregionetoscana.it\/web\/wp-json\/wp\/v2\/media\/8442"}],"wp:attachment":[{"href":"https:\/\/www.gruppopdregionetoscana.it\/web\/wp-json\/wp\/v2\/media?parent=8902"}],"wp:term":[{"taxonomy":"category","embeddable":true,"href":"https:\/\/www.gruppopdregionetoscana.it\/web\/wp-json\/wp\/v2\/categories?post=8902"},{"taxonomy":"post_tag","embeddable":true,"href":"https:\/\/www.gruppopdregionetoscana.it\/web\/wp-json\/wp\/v2\/tags?post=8902"}],"curies":[{"name":"wp","href":"https:\/\/api.w.org\/{rel}","templated":true}]}}