{"id":8955,"date":"2014-09-19T17:09:59","date_gmt":"2014-09-19T15:09:59","guid":{"rendered":"http:\/\/www.gruppopdregionetoscana.it\/web\/?p=8955"},"modified":"2014-09-19T18:06:36","modified_gmt":"2014-09-19T16:06:36","slug":"asl-massa-rossetti-pd-basta-polemiche-rossi","status":"publish","type":"post","link":"https:\/\/www.gruppopdregionetoscana.it\/web\/asl-massa-rossetti-pd-basta-polemiche-rossi\/","title":{"rendered":"Asl Massa, Rossetti (Pd): \u201cBasta polemiche su Rossi\u201d"},"content":{"rendered":"<p><strong><a href=\"http:\/\/www.gruppopdregionetoscana.it\/web\/wp-content\/uploads\/2014\/09\/dir-asl.jpg\"><img loading=\"lazy\" decoding=\"async\" class=\"alignleft size-full wp-image-8956\" src=\"http:\/\/www.gruppopdregionetoscana.it\/web\/wp-content\/uploads\/2014\/09\/dir-asl.jpg\" alt=\"dir-asl\" width=\"246\" height=\"205\" \/><\/a><\/strong>19.09.2014 (c.b.) \u00abCredo sia l\u2019ora di smetterla con le polemiche sterili e strumentali, che hanno il solo scopo di continuare a creare sospetti e confondere la realt\u00e0 dei fatti. Aldil\u00e0 della recente sentenza su Deloitte, che va rispettata, sono d\u2019accordo con il presidente Rossi sulla ricostruzione della vicenda. Prima di arrivare a Firenze, i bilanci delle Asl vengono vagliati da organi di controllo. La Regione, appena si \u00e8 accorta dei problemi, ha denunciato tutto alla magistratura. Questa \u00e8 la verit\u00e0. Questi sono i fatti, che ho potuto conoscere approfonditamente anche come componente della commissione d\u2019inchiesta del Consiglio regionale. Oggi, a distanza di tre anni, il buco di 460 milioni \u00e8 stato completamente ripianato, con risorse interamente della Regione, senza intaccare i servizi sanitari. Oggi i bilanci dell\u2019Asl di Massa Carrara sono in pareggio ed in linea con quelli delle altre aziende sanitarie toscane. Il resto sono solo chiacchiere, di quell\u2019opposizione che molto probabilmente rosica ancora per non aver saputo svolgere il suo ruolo di controllo e continua a gettare discredito sul presidente\u00bb.<\/p>\n<p>&nbsp;<\/p>\n<p>Cos\u00ec <strong>Loris Rossetti<\/strong>, consigliere regionale del Pd, interviene sulle polemiche seguite alla sentenza sul caso Asl.<\/p>\n<p>&nbsp;<\/p>\n","protected":false},"excerpt":{"rendered":"<p>19.09.2014 (c.b.) \u00abCredo sia l\u2019ora di smetterla con le polemiche sterili e strumentali, che hanno il solo scopo di continuare a creare sospetti e confondere la realt\u00e0 dei fatti. Aldil\u00e0 della recente sentenza su Deloitte, che va rispettata, sono d\u2019accordo con il presidente Rossi sulla ricostruzione della vicenda. Prima di arrivare a Firenze, i bilanci [&hellip;]<\/p>\n","protected":false},"author":1,"featured_media":8961,"comment_status":"closed","ping_status":"closed","sticky":false,"template":"","format":"standard","meta":{"_jetpack_memberships_contains_paid_content":false,"footnotes":""},"categories":[30],"tags":[],"class_list":{"0":"post-8955","1":"post","2":"type-post","3":"status-publish","4":"format-standard","5":"has-post-thumbnail","7":"category-comunicati-stampa","8":"czr-hentry"},"jetpack_featured_media_url":"https:\/\/www.gruppopdregionetoscana.it\/web\/wp-content\/uploads\/2014\/09\/phpThumb_generated_thumbnailjpg.jpg","jetpack_sharing_enabled":true,"_links":{"self":[{"href":"https:\/\/www.gruppopdregionetoscana.it\/web\/wp-json\/wp\/v2\/posts\/8955","targetHints":{"allow":["GET"]}}],"collection":[{"href":"https:\/\/www.gruppopdregionetoscana.it\/web\/wp-json\/wp\/v2\/posts"}],"about":[{"href":"https:\/\/www.gruppopdregionetoscana.it\/web\/wp-json\/wp\/v2\/types\/post"}],"author":[{"embeddable":true,"href":"https:\/\/www.gruppopdregionetoscana.it\/web\/wp-json\/wp\/v2\/users\/1"}],"replies":[{"embeddable":true,"href":"https:\/\/www.gruppopdregionetoscana.it\/web\/wp-json\/wp\/v2\/comments?post=8955"}],"version-history":[{"count":0,"href":"https:\/\/www.gruppopdregionetoscana.it\/web\/wp-json\/wp\/v2\/posts\/8955\/revisions"}],"wp:featuredmedia":[{"embeddable":true,"href":"https:\/\/www.gruppopdregionetoscana.it\/web\/wp-json\/wp\/v2\/media\/8961"}],"wp:attachment":[{"href":"https:\/\/www.gruppopdregionetoscana.it\/web\/wp-json\/wp\/v2\/media?parent=8955"}],"wp:term":[{"taxonomy":"category","embeddable":true,"href":"https:\/\/www.gruppopdregionetoscana.it\/web\/wp-json\/wp\/v2\/categories?post=8955"},{"taxonomy":"post_tag","embeddable":true,"href":"https:\/\/www.gruppopdregionetoscana.it\/web\/wp-json\/wp\/v2\/tags?post=8955"}],"curies":[{"name":"wp","href":"https:\/\/api.w.org\/{rel}","templated":true}]}}