{"id":9138,"date":"2014-10-22T19:25:56","date_gmt":"2014-10-22T17:25:56","guid":{"rendered":"http:\/\/www.gruppopdregionetoscana.it\/web\/?p=9138"},"modified":"2014-10-22T19:25:56","modified_gmt":"2014-10-22T17:25:56","slug":"asl-massa-ferrucci-naldoni-pd-mugnai-ferri-santini-volta-confondono-i-ruoli","status":"publish","type":"post","link":"https:\/\/www.gruppopdregionetoscana.it\/web\/asl-massa-ferrucci-naldoni-pd-mugnai-ferri-santini-volta-confondono-i-ruoli\/","title":{"rendered":"Asl di Massa,  Ferrucci e Naldoni (Pd): \u201cMugnai, Ferri e Santini &#8211; ancora una volta &#8211; confondono i ruoli\u201d"},"content":{"rendered":"<p><a href=\"http:\/\/www.gruppopdregionetoscana.it\/web\/wp-content\/uploads\/2014\/03\/confstampasanitasmall.jpg\"><img loading=\"lazy\" decoding=\"async\" class=\"alignleft size-medium wp-image-7763\" src=\"http:\/\/www.gruppopdregionetoscana.it\/web\/wp-content\/uploads\/2014\/03\/confstampasanitasmall-300x252.jpg\" alt=\"confstampasanitasmall\" width=\"300\" height=\"252\" srcset=\"https:\/\/www.gruppopdregionetoscana.it\/web\/wp-content\/uploads\/2014\/03\/confstampasanitasmall-300x252.jpg 300w, https:\/\/www.gruppopdregionetoscana.it\/web\/wp-content\/uploads\/2014\/03\/confstampasanitasmall.jpg 400w\" sizes=\"auto, (max-width: 300px) 100vw, 300px\" \/><\/a>\u201cTutte le volte che c\u2019\u00e8 un proscioglimento di un direttore generale notiamo come Mugnai, Ferri e Santini non perdono occasione per attribuire responsabilit\u00e0 a chi a suo tempo ricopriva il ruolo di assessore regionale alla sanit\u00e0. Lo notiamo perch\u00e9 ci pare una posizione alquanto singolare e bizzarra: se il gup decide di prosciogliere un direttore generale perch\u00e9 non ha commesso il fatto, non capiamo come mai, secondo i consiglieri di Fi, della vicenda dovrebbe esserne responsabile un assessore regionale. Pi\u00f9 volte \u00e8 stato ribadito come il compito della politica sia quello di dare linee di indirizzo, mentre il ruolo dei tecnici sia quello di attuarle. Si tratta di due funzioni distinte, che probabilmente Mugnai, Ferri e Santini non hanno ben chiare\u201d.<\/p>\n<p>&nbsp;<\/p>\n<p>Cos\u00ec <strong>Ivan Ferrucci presidente gruppo Pd in Regione e Simone Naldoni consigliere regionale Pd e componente <\/strong><strong>della commissione sanit\u00e0<\/strong>, replicano a quanto dichiarato in una nota da Stefano Mugnai, vicepresidente della commissione Sanit\u00e0, Giovanni Santini capogruppo Fi in Regione e Jacopo Ferri consigliere regionale Fi \u2013 a seguito del proscioglimento dell\u2019ex dg dell\u2019Asl di Massa, Alessandro Scarfuggi.<\/p>\n<p>&nbsp;<\/p>\n","protected":false},"excerpt":{"rendered":"<p>\u201cTutte le volte che c\u2019\u00e8 un proscioglimento di un direttore generale notiamo come Mugnai, Ferri e Santini non perdono occasione per attribuire responsabilit\u00e0 a chi a suo tempo ricopriva il ruolo di assessore regionale alla sanit\u00e0. Lo notiamo perch\u00e9 ci pare una posizione alquanto singolare e bizzarra: se il gup decide di prosciogliere un direttore [&hellip;]<\/p>\n","protected":false},"author":1,"featured_media":7763,"comment_status":"closed","ping_status":"closed","sticky":false,"template":"","format":"standard","meta":{"_jetpack_memberships_contains_paid_content":false,"footnotes":""},"categories":[30],"tags":[],"class_list":{"0":"post-9138","1":"post","2":"type-post","3":"status-publish","4":"format-standard","5":"has-post-thumbnail","7":"category-comunicati-stampa","8":"czr-hentry"},"jetpack_featured_media_url":"https:\/\/www.gruppopdregionetoscana.it\/web\/wp-content\/uploads\/2014\/03\/confstampasanitasmall.jpg","jetpack_sharing_enabled":true,"_links":{"self":[{"href":"https:\/\/www.gruppopdregionetoscana.it\/web\/wp-json\/wp\/v2\/posts\/9138","targetHints":{"allow":["GET"]}}],"collection":[{"href":"https:\/\/www.gruppopdregionetoscana.it\/web\/wp-json\/wp\/v2\/posts"}],"about":[{"href":"https:\/\/www.gruppopdregionetoscana.it\/web\/wp-json\/wp\/v2\/types\/post"}],"author":[{"embeddable":true,"href":"https:\/\/www.gruppopdregionetoscana.it\/web\/wp-json\/wp\/v2\/users\/1"}],"replies":[{"embeddable":true,"href":"https:\/\/www.gruppopdregionetoscana.it\/web\/wp-json\/wp\/v2\/comments?post=9138"}],"version-history":[{"count":0,"href":"https:\/\/www.gruppopdregionetoscana.it\/web\/wp-json\/wp\/v2\/posts\/9138\/revisions"}],"wp:featuredmedia":[{"embeddable":true,"href":"https:\/\/www.gruppopdregionetoscana.it\/web\/wp-json\/wp\/v2\/media\/7763"}],"wp:attachment":[{"href":"https:\/\/www.gruppopdregionetoscana.it\/web\/wp-json\/wp\/v2\/media?parent=9138"}],"wp:term":[{"taxonomy":"category","embeddable":true,"href":"https:\/\/www.gruppopdregionetoscana.it\/web\/wp-json\/wp\/v2\/categories?post=9138"},{"taxonomy":"post_tag","embeddable":true,"href":"https:\/\/www.gruppopdregionetoscana.it\/web\/wp-json\/wp\/v2\/tags?post=9138"}],"curies":[{"name":"wp","href":"https:\/\/api.w.org\/{rel}","templated":true}]}}