{"id":9167,"date":"2014-10-29T14:46:30","date_gmt":"2014-10-29T13:46:30","guid":{"rendered":"http:\/\/www.gruppopdregionetoscana.it\/web\/?p=9167"},"modified":"2014-10-29T14:46:30","modified_gmt":"2014-10-29T13:46:30","slug":"siena-grosseto-247-milioni-dal-governo-matergi-spinelli-pugnalini-pd-finalmente-connessione-fortifica-citta-ottima-notizia-per-mobilita-toscana","status":"publish","type":"post","link":"https:\/\/www.gruppopdregionetoscana.it\/web\/siena-grosseto-247-milioni-dal-governo-matergi-spinelli-pugnalini-pd-finalmente-connessione-fortifica-citta-ottima-notizia-per-mobilita-toscana\/","title":{"rendered":"Siena-Grosseto 247 milioni dal governo,  Matergi, Spinelli e Pugnalini (Pd): \u201cFinalmente connessione che fortifica le due citt\u00e0. Ottima notizia per la mobilit\u00e0 toscana\u201d"},"content":{"rendered":"<p><a href=\"http:\/\/www.gruppopdregionetoscana.it\/web\/wp-content\/uploads\/2014\/10\/resizer.jpg\"><img loading=\"lazy\" decoding=\"async\" class=\"alignleft size-medium wp-image-9168\" src=\"http:\/\/www.gruppopdregionetoscana.it\/web\/wp-content\/uploads\/2014\/10\/resizer-300x199.jpg\" alt=\"resizer\" width=\"300\" height=\"199\" srcset=\"https:\/\/www.gruppopdregionetoscana.it\/web\/wp-content\/uploads\/2014\/10\/resizer-300x199.jpg 300w, https:\/\/www.gruppopdregionetoscana.it\/web\/wp-content\/uploads\/2014\/10\/resizer.jpg 400w\" sizes=\"auto, (max-width: 300px) 100vw, 300px\" \/><\/a>\u201cUna vera e propria boccata d\u2019ossigeno per il sistema infrastrutturale toscano. La notizia dello stanziamento di 247 milioni all\u2019interno della Finanziaria 2015, che permetter\u00e0 sia il completamento della Due Mari che la ristrutturazione dell\u2019Autopalio, \u00e8 un passaggio davvero importante per la mobilit\u00e0 dei territori della due province e per la Regione intera. Una decisione che non possiamo che accogliere con soddisfazione, e per la quale vogliamo riconosciamo l\u2019impegno del presidente Enrico Rossi, e del governo nazionale\u201d.<\/p>\n<p>&nbsp;<\/p>\n<p>Cos\u00ec <strong>Lucia Matergi, Marco Spinelli e Rosanna Pugnalini consiglieri regionali Pd, <\/strong>commentano lo stanziamento di 247 milioni per completare il raddoppio della superstrada e la manutenzione della Siena-Firenze.<\/p>\n<p>&nbsp;<\/p>\n<p>\u201cIl completamento della Due Mari \u00e8 un passaggio fondamentale, una priorit\u00e0, per la Toscana del Sud, che in questo modo potr\u00e0 rafforzare il legame, l\u2019interazione, tra i territori di Grosseto e Siena, e con tutto il resto della regione \u2013 commenta<strong> Matergi<\/strong> \u2013 Lo stanziamento all\u2019interno della Finanziaria rappresenta un atto concreto e rilevante per questi territori: importante sia per la mobilit\u00e0 di chi per diversi motivi ha necessit\u00e0 di spostarsi giornalmente e pertanto ha diritto di farlo in una strada sicura; sia per l\u2019economia, in particolar modo per il settore terziario &#8211; basti pensare ai vantaggi che una connessione pi\u00f9 snella ed efficiente porter\u00e0 sul turismo costiero e su quello dell&#8217;entroterra\u201d.<\/p>\n<p>&nbsp;<\/p>\n<p>\u201cFinalmente storiche relazioni tra il territorio senese e grossetano si fortificano. Stanziare i fondi necessari per portare a termine una adeguata connessione infrastrutturale tra queste due citt\u00e0, \u00e8 un traguardo importantissimo. Il finanziamento dei lavori per la doppia corsia tra Siena e Grosseto, la storica Due Mari, e dare il via alla manutenzione dell\u2019Autopalio, una strada altamente transitata da chi quotidianamente ha bisogno di spostarsi tra Siena e Firenze e viceversa \u2013 sono due atti\u00a0 doverosi, e che attendevamo da tempo \u2013 spiegano <strong>Spinelli e Pugnalini<\/strong> &#8211;\u00a0 Pertanto, adesso che vediamo lo stanziamento da parte del governo non possiamo che essere sinceramente soddisfatti per il risultato raggiunto. Siena e Grosseto sono due realt\u00e0 sociali ed economiche, che per diversi motivi hanno necessit\u00e0 di essere ben collegate, tra di loro e con il resto della Toscana\u201d.<\/p>\n<p>&nbsp;<\/p>\n","protected":false},"excerpt":{"rendered":"<p>\u201cUna vera e propria boccata d\u2019ossigeno per il sistema infrastrutturale toscano. La notizia dello stanziamento di 247 milioni all\u2019interno della Finanziaria 2015, che permetter\u00e0 sia il completamento della Due Mari che la ristrutturazione dell\u2019Autopalio, \u00e8 un passaggio davvero importante per la mobilit\u00e0 dei territori della due province e per la Regione intera. Una decisione che [&hellip;]<\/p>\n","protected":false},"author":1,"featured_media":9168,"comment_status":"closed","ping_status":"closed","sticky":false,"template":"","format":"standard","meta":{"_jetpack_memberships_contains_paid_content":false,"footnotes":""},"categories":[30],"tags":[],"class_list":{"0":"post-9167","1":"post","2":"type-post","3":"status-publish","4":"format-standard","5":"has-post-thumbnail","7":"category-comunicati-stampa","8":"czr-hentry"},"jetpack_featured_media_url":"https:\/\/www.gruppopdregionetoscana.it\/web\/wp-content\/uploads\/2014\/10\/resizer.jpg","jetpack_sharing_enabled":true,"_links":{"self":[{"href":"https:\/\/www.gruppopdregionetoscana.it\/web\/wp-json\/wp\/v2\/posts\/9167","targetHints":{"allow":["GET"]}}],"collection":[{"href":"https:\/\/www.gruppopdregionetoscana.it\/web\/wp-json\/wp\/v2\/posts"}],"about":[{"href":"https:\/\/www.gruppopdregionetoscana.it\/web\/wp-json\/wp\/v2\/types\/post"}],"author":[{"embeddable":true,"href":"https:\/\/www.gruppopdregionetoscana.it\/web\/wp-json\/wp\/v2\/users\/1"}],"replies":[{"embeddable":true,"href":"https:\/\/www.gruppopdregionetoscana.it\/web\/wp-json\/wp\/v2\/comments?post=9167"}],"version-history":[{"count":0,"href":"https:\/\/www.gruppopdregionetoscana.it\/web\/wp-json\/wp\/v2\/posts\/9167\/revisions"}],"wp:featuredmedia":[{"embeddable":true,"href":"https:\/\/www.gruppopdregionetoscana.it\/web\/wp-json\/wp\/v2\/media\/9168"}],"wp:attachment":[{"href":"https:\/\/www.gruppopdregionetoscana.it\/web\/wp-json\/wp\/v2\/media?parent=9167"}],"wp:term":[{"taxonomy":"category","embeddable":true,"href":"https:\/\/www.gruppopdregionetoscana.it\/web\/wp-json\/wp\/v2\/categories?post=9167"},{"taxonomy":"post_tag","embeddable":true,"href":"https:\/\/www.gruppopdregionetoscana.it\/web\/wp-json\/wp\/v2\/tags?post=9167"}],"curies":[{"name":"wp","href":"https:\/\/api.w.org\/{rel}","templated":true}]}}