{"id":9172,"date":"2014-10-29T20:15:26","date_gmt":"2014-10-29T19:15:26","guid":{"rendered":"http:\/\/www.gruppopdregionetoscana.it\/web\/?p=9172"},"modified":"2014-10-29T20:17:18","modified_gmt":"2014-10-29T19:17:18","slug":"legge-urbanistica-de-robertis-oggi-ce-armonia-tutela-dellambiente-sviluppo-regole-innovative-per-toscana","status":"publish","type":"post","link":"https:\/\/www.gruppopdregionetoscana.it\/web\/legge-urbanistica-de-robertis-oggi-ce-armonia-tutela-dellambiente-sviluppo-regole-innovative-per-toscana\/","title":{"rendered":"Legge urbanistica, De Robertis: \u201cDa oggi c\u2019\u00e8 armonia tra tutela dell\u2019ambiente e sviluppo.  Regole innovative per la Toscana\u201d"},"content":{"rendered":"<p><a href=\"http:\/\/www.gruppopdregionetoscana.it\/web\/wp-content\/uploads\/2013\/12\/De-Robertis.jpg\"><img loading=\"lazy\" decoding=\"async\" class=\"alignleft size-medium wp-image-7334\" src=\"http:\/\/www.gruppopdregionetoscana.it\/web\/wp-content\/uploads\/2013\/12\/De-Robertis-300x236.jpg\" alt=\"De Robertis\" width=\"300\" height=\"236\" srcset=\"https:\/\/www.gruppopdregionetoscana.it\/web\/wp-content\/uploads\/2013\/12\/De-Robertis-300x236.jpg 300w, https:\/\/www.gruppopdregionetoscana.it\/web\/wp-content\/uploads\/2013\/12\/De-Robertis.jpg 760w\" sizes=\"auto, (max-width: 300px) 100vw, 300px\" \/><\/a>\u201cCe l\u2019abbiamo fatta. Con questa legge siamo arrivati a un punto di equilibrio fondamentale e all\u2019avanguardia per la Toscana del domani. Tutela del paesaggio e dell\u2019ambiente, ma anche sviluppo armonico del territorio e della sua economia; riuso del suolo e contrasto al consumo e, allo \u00a0stesso tempo, semplificazione per i procedimenti amministrativi di pianificazione urbana \u2013 spiega <strong>Lucia De Robertis vice presidente Pd in Regione<\/strong> &#8211; \u00a0Grazie a un lungo e intenso lavoro in commissione abbiamo adottato una normativa in grado di accogliere le esigenze di tutte le realt\u00e0 coinvolte. Abbiamo lavorato nell\u2019ottica di dare vita \u00a0a una Toscana del futuro che possa essere amata nel mondo per le sue bellezze storiche e paesaggistiche, ma che non si fermi ad essere un territorio-museo. Lo dico perch\u00e9 per noi il territorio rappresenta un elemento fondamentale della nostra identit\u00e0, un valore aggiunto decisivo, nonch\u00e9 un fattore di attrattivit\u00e0 capace di promuovere la competitivit\u00e0 delle diverse aree.\u00a0 Alcuni elementi della nuova normativa che vorrei sottolineare: il primo riguarda la semplificazione dei\u00a0procedimenti e la riduzione dei tempi. Qui l\u2019obiettivo \u00e8 quello di dare tempi pi\u00f9 rapidi e certi alla pianificazione. Il secondo aspetto, riguarda le molte semplificazioni edilizie utili per i cittadini: si allarga, infatti, la platea degli interventi di edilizia libera soggetti a semplice comunicazione, anche per via telematica, dell\u2019inizio dei lavori da parte dell\u2019interessato allo sportello unico. Ad esempio, l\u2019apertura di porte interne e la modifica di pareti interne, nonch\u00e9 le opere e le modifiche necessarie per realizzare ed integrare i servizi igienico sanitari e tecnologici, oppure per determinare il frazionamento o l\u2019accorpamento delle unit\u00e0 immobiliari.<\/p>\n<p>Il terzo elemento, \u00e8 un segnale importante per il mondo del commercio, ovvero, il comma 4 dell\u2019articolo 94, con il quale si stabilisce che almeno il 10 per cento degli oneri di urbanizzazione siano destinati ad interventi per la rivitalizzazione di aree commerciali quali centri commerciali naturali, centri storici e aree mercatali, nel caso di previsioni riguardanti le medie e le grandi strutture di vendita che comportano perequazione territoriale \u2013 conclude <strong>De Robertis<\/strong> &#8211; E infine, l\u2019inserimento di un principio rilevante del <em>social housing<\/em>, e cio\u00e8 il fatto che da ora in poi la pianificazione urbanistica concorrer\u00e0 alla formazione delle politiche per la casa, riconoscendo gli alloggi sociali come standard urbanistico, da assicurare mediante cessione di aree, di unit\u00e0 immobiliari o di oneri aggiuntivi a destinazione vincolata\u201d.<\/p>\n","protected":false},"excerpt":{"rendered":"<p>\u201cCe l\u2019abbiamo fatta. Con questa legge siamo arrivati a un punto di equilibrio fondamentale e all\u2019avanguardia per la Toscana del domani. Tutela del paesaggio e dell\u2019ambiente, ma anche sviluppo armonico del territorio e della sua economia; riuso del suolo e contrasto al consumo e, allo \u00a0stesso tempo, semplificazione per i procedimenti amministrativi di pianificazione urbana [&hellip;]<\/p>\n","protected":false},"author":1,"featured_media":7334,"comment_status":"closed","ping_status":"closed","sticky":false,"template":"","format":"standard","meta":{"_jetpack_memberships_contains_paid_content":false,"footnotes":""},"categories":[30,633],"tags":[],"class_list":{"0":"post-9172","1":"post","2":"type-post","3":"status-publish","4":"format-standard","5":"has-post-thumbnail","7":"category-comunicati-stampa","8":"category-notizie-lucia-de-robertis","9":"czr-hentry"},"jetpack_featured_media_url":"https:\/\/www.gruppopdregionetoscana.it\/web\/wp-content\/uploads\/2013\/12\/De-Robertis.jpg","jetpack_sharing_enabled":true,"_links":{"self":[{"href":"https:\/\/www.gruppopdregionetoscana.it\/web\/wp-json\/wp\/v2\/posts\/9172","targetHints":{"allow":["GET"]}}],"collection":[{"href":"https:\/\/www.gruppopdregionetoscana.it\/web\/wp-json\/wp\/v2\/posts"}],"about":[{"href":"https:\/\/www.gruppopdregionetoscana.it\/web\/wp-json\/wp\/v2\/types\/post"}],"author":[{"embeddable":true,"href":"https:\/\/www.gruppopdregionetoscana.it\/web\/wp-json\/wp\/v2\/users\/1"}],"replies":[{"embeddable":true,"href":"https:\/\/www.gruppopdregionetoscana.it\/web\/wp-json\/wp\/v2\/comments?post=9172"}],"version-history":[{"count":0,"href":"https:\/\/www.gruppopdregionetoscana.it\/web\/wp-json\/wp\/v2\/posts\/9172\/revisions"}],"wp:featuredmedia":[{"embeddable":true,"href":"https:\/\/www.gruppopdregionetoscana.it\/web\/wp-json\/wp\/v2\/media\/7334"}],"wp:attachment":[{"href":"https:\/\/www.gruppopdregionetoscana.it\/web\/wp-json\/wp\/v2\/media?parent=9172"}],"wp:term":[{"taxonomy":"category","embeddable":true,"href":"https:\/\/www.gruppopdregionetoscana.it\/web\/wp-json\/wp\/v2\/categories?post=9172"},{"taxonomy":"post_tag","embeddable":true,"href":"https:\/\/www.gruppopdregionetoscana.it\/web\/wp-json\/wp\/v2\/tags?post=9172"}],"curies":[{"name":"wp","href":"https:\/\/api.w.org\/{rel}","templated":true}]}}