{"id":9213,"date":"2014-11-04T18:50:55","date_gmt":"2014-11-04T17:50:55","guid":{"rendered":"http:\/\/www.gruppopdregionetoscana.it\/web\/?p=9213"},"modified":"2014-11-04T18:58:48","modified_gmt":"2014-11-04T17:58:48","slug":"carceri-detenuto-muore-porto-azzurrobrogi-ruggeri-pd-carcere-ambiente-patogeno-si-rischia-entrare-sani-uscire-malati","status":"publish","type":"post","link":"https:\/\/www.gruppopdregionetoscana.it\/web\/carceri-detenuto-muore-porto-azzurrobrogi-ruggeri-pd-carcere-ambiente-patogeno-si-rischia-entrare-sani-uscire-malati\/","title":{"rendered":"Carceri, detenuto muore a Porto Azzurro. Brogi e Ruggeri (Pd): \u201cIl carcere \u00e8 un ambiente patogeno. Si rischia di entrare sani e uscire malati\u201d"},"content":{"rendered":"<p><a href=\"http:\/\/www.gruppopdregionetoscana.it\/web\/wp-content\/uploads\/2014\/11\/carcre-_porto_azzurro.png\"><img loading=\"lazy\" decoding=\"async\" class=\"alignleft size-medium wp-image-9214\" src=\"http:\/\/www.gruppopdregionetoscana.it\/web\/wp-content\/uploads\/2014\/11\/carcre-_porto_azzurro-300x201.png\" alt=\"carcre-_porto_azzurro\" width=\"300\" height=\"201\" \/><\/a>\u201cNelle nostre carceri c\u2019\u00e8 una situazione di emergenza totale e permanente. Dal punto di vista sanitario, poi, i numeri comunicati oggi sono a dir poco inquietanti: ci dicono che il 60 \u2013 80 per cento della popolazione carceraria \u00e8 affetta da una patologia. Spaventoso \u2013 dichiara <strong>Enzo Brogi, consigliere regionale Pd<\/strong> &#8211;\u00a0 Quello che \u00e8 successo la notte scorsa nel carcere di Porto Azzurro, la morte di un detenuto per infarto, \u00e8 chiaro che dovr\u00e0 essere accertato. Ma pare evidente che le nostre carceri siano ormai ambienti patogeni, dove si entra sani e si rischia di uscire malati, o morti. E su questo non credo di esagerare. La diffusione delle malattie &#8211; soprattutto di tipo infettivo diffuse per il 48 per cento &#8211; all\u2019interno dei penitenziari \u00e8 un problema grave e allarmante sia dentro che fuori dalle carceri. Il tema della salute negli istituti penitenziari \u00e8 un argomento che pi\u00f9 volte ho sollevato. Si tratta di una materia che da cinque anni rientra nel servizio Sanitario pubblico, e quindi \u00e8 di competenza regionale: la Regione Toscana, deve per forza fare di pi\u00f9. Perch\u00e9 tutto questo, questa realt\u00e0 sconcertante, non \u00e8 umanamente accettabile\u201d.<\/p>\n<p>&nbsp;<\/p>\n<p>\u201cAlcuni mesi fa sono stato in visita al carcere di Porto Azzurro insieme al collega Enzo Brogi, e quindi abbiamo visto con i nostri occhi le condizioni problematiche della struttura \u2013 continua <strong>Marco Ruggeri, consigliere regionale Pd<\/strong> \u2013 La morte del detenuto al carcere di Porto Azzurro, \u00e8 un fatto sul quale giustamente saranno fatti tutti gli accertamenti. Ci colpiscono duramente i dati sulla diffusione delle patologie nei penitenziari: malattie infettive, disturbi psichiatrici, tossicodipendenze. Una situazione nei confronti della quale non c\u2019\u00e8 un\u2019adeguata assistenza sanitaria. I numeri drammatici diffusi oggi lo confermano. Dobbiamo fare di pi\u00f9. Dobbiamo restituire dignit\u00e0, a cominciare dall\u2019offrire una giusta assistenza sanitaria, a chi deve scontare una pena &#8211;\u00a0 la quale non pu\u00f2 diventare anche una condanna a contrarre una malattia\u201d.<\/p>\n","protected":false},"excerpt":{"rendered":"<p>\u201cNelle nostre carceri c\u2019\u00e8 una situazione di emergenza totale e permanente. Dal punto di vista sanitario, poi, i numeri comunicati oggi sono a dir poco inquietanti: ci dicono che il 60 \u2013 80 per cento della popolazione carceraria \u00e8 affetta da una patologia. Spaventoso \u2013 dichiara Enzo Brogi, consigliere regionale Pd &#8211;\u00a0 Quello che \u00e8 [&hellip;]<\/p>\n","protected":false},"author":1,"featured_media":0,"comment_status":"closed","ping_status":"closed","sticky":false,"template":"","format":"standard","meta":{"_jetpack_memberships_contains_paid_content":false,"footnotes":""},"categories":[30],"tags":[],"class_list":{"0":"post-9213","1":"post","2":"type-post","3":"status-publish","4":"format-standard","6":"category-comunicati-stampa","7":"czr-hentry"},"jetpack_featured_media_url":"","jetpack_sharing_enabled":true,"_links":{"self":[{"href":"https:\/\/www.gruppopdregionetoscana.it\/web\/wp-json\/wp\/v2\/posts\/9213","targetHints":{"allow":["GET"]}}],"collection":[{"href":"https:\/\/www.gruppopdregionetoscana.it\/web\/wp-json\/wp\/v2\/posts"}],"about":[{"href":"https:\/\/www.gruppopdregionetoscana.it\/web\/wp-json\/wp\/v2\/types\/post"}],"author":[{"embeddable":true,"href":"https:\/\/www.gruppopdregionetoscana.it\/web\/wp-json\/wp\/v2\/users\/1"}],"replies":[{"embeddable":true,"href":"https:\/\/www.gruppopdregionetoscana.it\/web\/wp-json\/wp\/v2\/comments?post=9213"}],"version-history":[{"count":0,"href":"https:\/\/www.gruppopdregionetoscana.it\/web\/wp-json\/wp\/v2\/posts\/9213\/revisions"}],"wp:attachment":[{"href":"https:\/\/www.gruppopdregionetoscana.it\/web\/wp-json\/wp\/v2\/media?parent=9213"}],"wp:term":[{"taxonomy":"category","embeddable":true,"href":"https:\/\/www.gruppopdregionetoscana.it\/web\/wp-json\/wp\/v2\/categories?post=9213"},{"taxonomy":"post_tag","embeddable":true,"href":"https:\/\/www.gruppopdregionetoscana.it\/web\/wp-json\/wp\/v2\/tags?post=9213"}],"curies":[{"name":"wp","href":"https:\/\/api.w.org\/{rel}","templated":true}]}}