{"id":9217,"date":"2014-11-05T13:06:47","date_gmt":"2014-11-05T12:06:47","guid":{"rendered":"http:\/\/www.gruppopdregionetoscana.it\/web\/?p=9217"},"modified":"2014-11-05T13:06:47","modified_gmt":"2014-11-05T12:06:47","slug":"peretola-ferrucci-pd-enac-rispettare-pit","status":"publish","type":"post","link":"https:\/\/www.gruppopdregionetoscana.it\/web\/peretola-ferrucci-pd-enac-rispettare-pit\/","title":{"rendered":"Peretola, Ferrucci (Pd): \u201cEnac deve rispettare il Pit\u201d"},"content":{"rendered":"<p><a href=\"http:\/\/www.gruppopdregionetoscana.it\/web\/wp-content\/uploads\/2014\/08\/Ivan-Ferrucci-2.jpg\"><img loading=\"lazy\" decoding=\"async\" class=\"alignleft wp-image-8836 size-medium\" src=\"http:\/\/www.gruppopdregionetoscana.it\/web\/wp-content\/uploads\/2014\/08\/Ivan-Ferrucci-2-300x162.jpg\" alt=\"Ivan-Ferrucci-2\" width=\"300\" height=\"162\" \/><\/a>\u201cLa decisione di Enac non rispetta gli strumenti urbanistici messi a punto dalla Regione. Dal canto nostro siamo pienamente convinti che il Pit contenga le indicazioni pi\u00f9 adeguate perch\u00e9 si concretizzi finalmente il sistema aeroportuale integrato che da tempo auspichiamo. Una pista di 2400 metri non \u00e8 la soluzione idonea per il raggiungimento di questo risultato. Le nostre posizioni quindi non cambiano, confermiamo la validit\u00e0 di quanto come assemblea toscana abbiamo deliberato. Enac deve tenere di conto della scelta fatta dal Consiglio regionale tramite il Pit, che \u00e8 la pi\u00f9 equilibrata e adatta agli obiettivi che ci siamo posti fin dall\u2019inizio per il sistema aeroportuale\u201d.<\/p>\n<p>\u00c8 il commento di <strong>Ivan Ferrucci<\/strong>, capogruppo Pd Consiglio regionale della Toscana, in merito all\u2019approvazione del masterplan di Peretola.<\/p>\n","protected":false},"excerpt":{"rendered":"<p>\u201cLa decisione di Enac non rispetta gli strumenti urbanistici messi a punto dalla Regione. Dal canto nostro siamo pienamente convinti che il Pit contenga le indicazioni pi\u00f9 adeguate perch\u00e9 si concretizzi finalmente il sistema aeroportuale integrato che da tempo auspichiamo. Una pista di 2400 metri non \u00e8 la soluzione idonea per il raggiungimento di questo [&hellip;]<\/p>\n","protected":false},"author":1,"featured_media":0,"comment_status":"closed","ping_status":"closed","sticky":false,"template":"","format":"standard","meta":{"_jetpack_memberships_contains_paid_content":false,"footnotes":""},"categories":[30],"tags":[],"class_list":{"0":"post-9217","1":"post","2":"type-post","3":"status-publish","4":"format-standard","6":"category-comunicati-stampa","7":"czr-hentry"},"jetpack_featured_media_url":"","jetpack_sharing_enabled":true,"_links":{"self":[{"href":"https:\/\/www.gruppopdregionetoscana.it\/web\/wp-json\/wp\/v2\/posts\/9217","targetHints":{"allow":["GET"]}}],"collection":[{"href":"https:\/\/www.gruppopdregionetoscana.it\/web\/wp-json\/wp\/v2\/posts"}],"about":[{"href":"https:\/\/www.gruppopdregionetoscana.it\/web\/wp-json\/wp\/v2\/types\/post"}],"author":[{"embeddable":true,"href":"https:\/\/www.gruppopdregionetoscana.it\/web\/wp-json\/wp\/v2\/users\/1"}],"replies":[{"embeddable":true,"href":"https:\/\/www.gruppopdregionetoscana.it\/web\/wp-json\/wp\/v2\/comments?post=9217"}],"version-history":[{"count":0,"href":"https:\/\/www.gruppopdregionetoscana.it\/web\/wp-json\/wp\/v2\/posts\/9217\/revisions"}],"wp:attachment":[{"href":"https:\/\/www.gruppopdregionetoscana.it\/web\/wp-json\/wp\/v2\/media?parent=9217"}],"wp:term":[{"taxonomy":"category","embeddable":true,"href":"https:\/\/www.gruppopdregionetoscana.it\/web\/wp-json\/wp\/v2\/categories?post=9217"},{"taxonomy":"post_tag","embeddable":true,"href":"https:\/\/www.gruppopdregionetoscana.it\/web\/wp-json\/wp\/v2\/tags?post=9217"}],"curies":[{"name":"wp","href":"https:\/\/api.w.org\/{rel}","templated":true}]}}