{"id":9225,"date":"2014-11-05T15:43:48","date_gmt":"2014-11-05T14:43:48","guid":{"rendered":"http:\/\/www.gruppopdregionetoscana.it\/web\/?p=9225"},"modified":"2014-11-05T15:43:48","modified_gmt":"2014-11-05T14:43:48","slug":"sanita-ferrucci-piano-innovativo-fondamentale-lintegrazione-sanita-sociale-prioritario-coniugare-riassetto-organizzativo-tutela-dei-servizi","status":"publish","type":"post","link":"https:\/\/www.gruppopdregionetoscana.it\/web\/sanita-ferrucci-piano-innovativo-fondamentale-lintegrazione-sanita-sociale-prioritario-coniugare-riassetto-organizzativo-tutela-dei-servizi\/","title":{"rendered":"Sanit\u00e0, Ferrucci: \u201cPiano innovativo, fondamentale l\u2019integrazione tra sanit\u00e0 e sociale. Prioritario coniugare riassetto organizzativo con tutela dei servizi\u201d"},"content":{"rendered":"<p><a href=\"http:\/\/www.gruppopdregionetoscana.it\/web\/wp-content\/uploads\/2014\/09\/servizio-sanitario-toscano.jpg\"><img loading=\"lazy\" decoding=\"async\" class=\"alignleft size-medium wp-image-8970\" src=\"http:\/\/www.gruppopdregionetoscana.it\/web\/wp-content\/uploads\/2014\/09\/servizio-sanitario-toscano-300x164.jpg\" alt=\"servizio-sanitario-toscano\" width=\"300\" height=\"164\" srcset=\"https:\/\/www.gruppopdregionetoscana.it\/web\/wp-content\/uploads\/2014\/09\/servizio-sanitario-toscano-300x164.jpg 300w, https:\/\/www.gruppopdregionetoscana.it\/web\/wp-content\/uploads\/2014\/09\/servizio-sanitario-toscano.jpg 400w\" sizes=\"auto, (max-width: 300px) 100vw, 300px\" \/><\/a>\u201cQuello varato oggi \u00e8 un piano che contiene numerose innovazioni, prima di tutto perch\u00e9 \u00e8 il primo piano integrato tra sanit\u00e0 e sociale e quindi prevede una stretta sinergia tra questi due ambiti. Una sinergia che come gruppo Pd abbiamo da sempre sostenuto, anche con le due leggi sul sistema sociosanitario approvate nello scorso luglio e da noi promosse, elaborando una nuova <em>governance <\/em>dei servizi. Sono convinto che il piano si sarebbe dovuto approvare gi\u00e0 due anni fa, si decise di rimandare in parte per le manovre dei governi nazionali che si sono succeduti ma soprattutto per la discussione sul futuro delle societ\u00e0 della salute, che siamo riusciti a chiudere con una soluzione proprio grazie alle due leggi sociosanitarie, provvedimenti di riferimento nel dibattito sulla riorganizzazione del sistema. Il piano contiene obiettivi validi che il governo regionale ha gi\u00e0 attuato nel corso del suo lavoro, tenendo ben presente la fondamentale necessit\u00e0 di tutelare la qualit\u00e0 dei servizi, a cui i cittadini toscani sono abituati, anche in una congiuntura economica complessa come quella che abbiamo e stiamo attraversando. Con la risoluzione di oggi, diamo mandato alla Giunta di presentare quanto prima una proposta di revisione del sistema sanitario regionale che crediamo non possa prescindere da questa necessit\u00e0 e debba tenere insieme l\u2019esigenza di un riassetto organizzativo con equit\u00e0, universalit\u00e0 e efficienza del sistema. Ci aspetta una sfida difficile sia per i tempi stretti con cui dobbiamo affrontarla sia per la delicatezza dei contenuti: possiamo superarla solo discutendo senza soluzioni preconfezionate nel merito dei livelli dei servizi sociosanitari, dell\u2019organizzazione della rete ospedaliera, del rapporto con le universit\u00e0 e dell\u2019impatto di ogni proposta di riforma sui cittadini, confrontandoci con tutte le realt\u00e0 che operano in questo settore\u201d.<\/p>\n<p>Cos\u00ec <strong>Ivan Ferrucci<\/strong>, capogruppo Pd Regione Toscana, intervenendo in aula nell\u2019ambito del dibattito sul Piano sanitario e sociale integrato regionale 2012-2015 approvato nella seduta odierna del Consiglio regionale assieme alla risoluzione, a primo firmatario Ferrucci, dal titolo <em>\u201cPer il riordino normativo della organizzazione del Servizio Sanitario Regionale\u201d<\/em>.<\/p>\n<p><em>\u00a0Di seguito il testo integrale della risoluzione.\u00a0<\/em><\/p>\n<p>Proposta di Risoluzione<\/p>\n<p><em>ai sensi dell&#8217;art.173 del regolamento interno del Consiglio Regionale<\/em><\/p>\n<p>&nbsp;<\/p>\n<p><strong><em>\u201cPer il riordino normativo della organizzazione del Servizio Sanitario Regionale\u201d<\/em><\/strong><\/p>\n<p>&nbsp;<\/p>\n<p><strong>Il Consiglio Regionale<\/strong><\/p>\n<p><strong>Premesso <\/strong>che il diritto alla salute si pone fra i diritti fondamentali dell&#8217;individuo e la sua garanzia \u00e9 elemento che contraddistingue ogni societ\u00e0 civile;<\/p>\n<p><strong>CONSIDERATA<\/strong> la particolare contingenza economica che ha colpito la societ\u00e0 negli ultimi anni;<\/p>\n<p><strong>CONSIDERATO<\/strong> che il perdurare nel tempo di tale difficile situazione ha inevitabilmente inciso anche sulle risorse pubbliche, investendo inevitabilmente anche il sistema sanitario nazionale in virt\u00f9 delle sue stesse caratteristiche di universalit\u00e0 ed equit\u00e0;<\/p>\n<p><strong>Considerato<\/strong> che anche il Sistema sanitario regionale della Toscana ha giocoforza risentito, in termini di disponibilit\u00e0 di risorse, della difficile situazione economica generale, con le conseguenti restrizioni in termini di finanza pubblica, sia sul versante delle effettive risorse disponibili che sull\u2019inasprimento dei vincoli posti alla spesa;<\/p>\n<p><strong>Considerato <\/strong>che la Regione Toscana ha affrontato tale situazione nell\u2019impegno del mantenimento della quantit\u00e0 e della qualit\u00e0 dei servizi e delle prestazioni del sistema, rispondendo alla contrazione delle risorse disponibili e ai vincoli imposti alla spesa pubblica attraverso iniziative tese all\u2019ottimizzazione delle risorse e all\u2019efficientamento dei servizi; come\u00a0 contenuto nel piano socio sanitario 2012 \u2013 2015.<\/p>\n<p><strong>CONSIDERATO<\/strong> che dette iniziative si sono concretizzate specificamente sia in interventi di revisione dei processi organizzativi, sia in interventi di implementazione della efficienza del sistema;<\/p>\n<p><strong>Preso atto<\/strong> della legge di stabilit\u00e0 per l&#8217;anno 2015, che prevede, unitamente ad importanti interventi di razionalizzazione e revisione dei modelli nei diversi ambiti degli assetti istituzionali, una ulteriore contrazione delle risorse destinate alle Regioni;<\/p>\n<p><strong>Rilevato <\/strong>che la suddetta contrazione di risorse anche in presenza di ulteriori e programmati interventi di ottimizzazione della spesa pubblica regionale residuale inevitabilmente va ad incidere sulla spesa sanitaria, stante le caratteristiche di universalit\u00e0, equit\u00e0 ed efficienza del sistema sanitario toscano;<\/p>\n<p><strong>Ritenuto<\/strong>, pertanto, necessario, al fine di continuare a garantire i servizi sanitari regionali e l&#8217;elevata qualit\u00e0 degli stessi, nella conferma dei principi di universalit\u00e0 ed equit\u00e0,\u00a0 affrontare la riduzione delle disponibilit\u00e0 finanziarie per la sanit\u00e0 toscana attraverso lo strumento di ulteriori iniziative di razionalizzazione del Sistema concernenti in un generale processo di riassetto organizzativo dello stesso;<\/p>\n<p>&nbsp;<\/p>\n<p><strong>impegna <\/strong><\/p>\n<p><strong>il Presidente e la Giunta Regionale<\/strong><\/p>\n<p>a presentare quanto prima una proposta di revisione complessiva dell&#8217;organizzazione del SSR, con particolare attenzione all&#8217;attuale assetto delle Aziende e degli Enti del SSR, nel rispetto dei seguenti principi:<\/p>\n<ul>\n<li>garanzia del mantenimento del livello e della qualit\u00e0 dei servizi erogati ai cittadini; tendendo di conto del sistema integrato socio \u2013 sanitario e delle eccellenze del territorio.<\/li>\n<li>promozione di processi di riassetto organizzativo in grado di realizzare contestualmente una ottimizzazione delle risorse ed un efficientamento dei servizi, attraverso una ulteriore implementazione dei livelli di appropriatezza delle cure;<\/li>\n<li>incremento dei processi di razionalizzazione dei costi strutturali dei servizi, favorendo la semplificazione delle procedure, nonch\u00e9 la revisione dei modelli di erogazione dei servizi stessi nella conferma dell\u2019universalit\u00e0, equit\u00e0 ed efficienza del sistema.<\/li>\n<\/ul>\n<p>&nbsp;<\/p>\n","protected":false},"excerpt":{"rendered":"<p>\u201cQuello varato oggi \u00e8 un piano che contiene numerose innovazioni, prima di tutto perch\u00e9 \u00e8 il primo piano integrato tra sanit\u00e0 e sociale e quindi prevede una stretta sinergia tra questi due ambiti. Una sinergia che come gruppo Pd abbiamo da sempre sostenuto, anche con le due leggi sul sistema sociosanitario approvate nello scorso luglio [&hellip;]<\/p>\n","protected":false},"author":1,"featured_media":0,"comment_status":"closed","ping_status":"closed","sticky":false,"template":"","format":"standard","meta":{"_jetpack_memberships_contains_paid_content":false,"footnotes":""},"categories":[30],"tags":[682,487,101],"class_list":{"0":"post-9225","1":"post","2":"type-post","3":"status-publish","4":"format-standard","6":"category-comunicati-stampa","7":"tag-piano-sanitario","8":"tag-salute","9":"tag-sanita","10":"czr-hentry"},"jetpack_featured_media_url":"","jetpack_sharing_enabled":true,"_links":{"self":[{"href":"https:\/\/www.gruppopdregionetoscana.it\/web\/wp-json\/wp\/v2\/posts\/9225","targetHints":{"allow":["GET"]}}],"collection":[{"href":"https:\/\/www.gruppopdregionetoscana.it\/web\/wp-json\/wp\/v2\/posts"}],"about":[{"href":"https:\/\/www.gruppopdregionetoscana.it\/web\/wp-json\/wp\/v2\/types\/post"}],"author":[{"embeddable":true,"href":"https:\/\/www.gruppopdregionetoscana.it\/web\/wp-json\/wp\/v2\/users\/1"}],"replies":[{"embeddable":true,"href":"https:\/\/www.gruppopdregionetoscana.it\/web\/wp-json\/wp\/v2\/comments?post=9225"}],"version-history":[{"count":0,"href":"https:\/\/www.gruppopdregionetoscana.it\/web\/wp-json\/wp\/v2\/posts\/9225\/revisions"}],"wp:attachment":[{"href":"https:\/\/www.gruppopdregionetoscana.it\/web\/wp-json\/wp\/v2\/media?parent=9225"}],"wp:term":[{"taxonomy":"category","embeddable":true,"href":"https:\/\/www.gruppopdregionetoscana.it\/web\/wp-json\/wp\/v2\/categories?post=9225"},{"taxonomy":"post_tag","embeddable":true,"href":"https:\/\/www.gruppopdregionetoscana.it\/web\/wp-json\/wp\/v2\/tags?post=9225"}],"curies":[{"name":"wp","href":"https:\/\/api.w.org\/{rel}","templated":true}]}}