{"id":9265,"date":"2014-11-10T17:37:38","date_gmt":"2014-11-10T16:37:38","guid":{"rendered":"http:\/\/www.gruppopdregionetoscana.it\/web\/?p=9265"},"modified":"2014-11-10T17:37:38","modified_gmt":"2014-11-10T16:37:38","slug":"cannabis-terapeutica-brogi-pd-chapeau-toscana-regione-canapa-medica-accolte-esigenze-dei-malati","status":"publish","type":"post","link":"https:\/\/www.gruppopdregionetoscana.it\/web\/cannabis-terapeutica-brogi-pd-chapeau-toscana-regione-canapa-medica-accolte-esigenze-dei-malati\/","title":{"rendered":"Cannabis terapeutica,  Brogi (Pd): \u201cChapeau! La Toscana \u00e8 la Regione della canapa medica. Accolte le esigenze dei malati\u201d"},"content":{"rendered":"<p><a href=\"http:\/\/www.gruppopdregionetoscana.it\/web\/wp-content\/uploads\/2014\/02\/cannabis.jpg\"><img loading=\"lazy\" decoding=\"async\" class=\"alignleft size-medium wp-image-7657\" src=\"http:\/\/www.gruppopdregionetoscana.it\/web\/wp-content\/uploads\/2014\/02\/cannabis-300x156.jpg\" alt=\"cannabis\" width=\"300\" height=\"156\" srcset=\"https:\/\/www.gruppopdregionetoscana.it\/web\/wp-content\/uploads\/2014\/02\/cannabis-300x156.jpg 300w, https:\/\/www.gruppopdregionetoscana.it\/web\/wp-content\/uploads\/2014\/02\/cannabis.jpg 398w\" sizes=\"auto, (max-width: 300px) 100vw, 300px\" \/><\/a>\u201cPer primi abbiamo varato una legge sull\u2019utilizzo e l\u2019accesso ai farmaci vegetali, per primi produciamo e confezioniamo la canapa medica presso lo Stabilimento Farmaceutico Militare di Firenze. In Toscana abbiamo fatto grandi cose. Soddisfatto dei risultati. Ma se estendiamo l\u2019autorizzazione alla coltivazione possiamo fare ancora di pi\u00f9\u201d<\/p>\n<p>&nbsp;<\/p>\n<p>\u201cLa produciamo, la confezioniamo e la prescriviamo. La Toscana diventa la Regione della canapa medica. Finalmente le modifiche al regolamento attuativo approvate oggi dalla Giunta, rendono merito allo spirito della legge regionale sulla cannabis, togliendo tanti di quei paletti che di fatto restringevano il campo di utilizzo dei farmaci vegetali. Chapeau. La cosa pi\u00f9 importante che mi preme sottolineare \u00e8 che in tale maniera la Regione accoglie concretamente le richieste delle associazioni dei malati che si basavano essenzialmente sulla libert\u00e0 del medico di prescrivere &#8216;in scienza e coscienza&#8217; la terapia pi\u00f9 indicata per ogni singolo caso. Insomma in questo modo abbiamo accolto le esigenze, le aspettative, dei malati e le abbiamo trasformate in legge. Questo s\u00ec che \u00e8 qualcosa di considerevole. Questa \u00e8 la politica che mi piace: la cosa pubblica che si fa carico dei bisogni delle persone. Ci sono voluti anni ma abbiamo raggiunto obiettivi importantissimi; traguardi che ancora una volta voglio dedicare ad Alessia Ballini, un\u2019amica, una collega, una donna coraggiosa, eccezionale &#8211; che per prima scaten\u00f2 la battaglia legislativa sull\u2019utilizzo di queste terapie. Se penso a quanto eravamo restii in Italia su questo tema! Oggi grazie a un protocollo governativo, a Firenze, presso lo Stabilimento Farmaceutico Militare di Rifredi, a breve inizieremo la produzione di canapa e il successivo confezionamento dei farmaci; si tratta di due passaggi fondamentali che faciliteranno l\u2019accesso a questo tipo di cure e abbasseranno i costi esosi dovuti all\u2019importazione dall\u2019estero. Senza contare la rilevanza in termini di occupazione, di ricerca e di innovazione. Ma \u00e8 necessario ricordare l\u2019impatto positivo che economicamente potrebbe avere questa attivit\u00e0, se solo si allargassero le maglie dell\u2019autorizzazione alla coltivazione. Abbiamo detto s\u00ec ai pazienti che scelgono di utilizzare questi composti vegetali. Segniamo un\u2019altra sostanziale vittoria, in questa battaglia, cos\u00ec lunga, faticosa, ma densa di soddisfazione\u201d.<\/p>\n<p>Cos\u00ec Enzo Brogi consigliere regionale Pd, commenta il regolamento attuativo messo a punto dalla giunta regionale per la legge sull\u2019utilizzo dei farmaci cannabinoidi.<\/p>\n","protected":false},"excerpt":{"rendered":"<p>\u201cPer primi abbiamo varato una legge sull\u2019utilizzo e l\u2019accesso ai farmaci vegetali, per primi produciamo e confezioniamo la canapa medica presso lo Stabilimento Farmaceutico Militare di Firenze. In Toscana abbiamo fatto grandi cose. Soddisfatto dei risultati. Ma se estendiamo l\u2019autorizzazione alla coltivazione possiamo fare ancora di pi\u00f9\u201d &nbsp; \u201cLa produciamo, la confezioniamo e la prescriviamo. [&hellip;]<\/p>\n","protected":false},"author":1,"featured_media":7657,"comment_status":"closed","ping_status":"closed","sticky":false,"template":"","format":"standard","meta":{"_jetpack_memberships_contains_paid_content":false,"footnotes":""},"categories":[30],"tags":[],"class_list":{"0":"post-9265","1":"post","2":"type-post","3":"status-publish","4":"format-standard","5":"has-post-thumbnail","7":"category-comunicati-stampa","8":"czr-hentry"},"jetpack_featured_media_url":"https:\/\/www.gruppopdregionetoscana.it\/web\/wp-content\/uploads\/2014\/02\/cannabis.jpg","jetpack_sharing_enabled":true,"_links":{"self":[{"href":"https:\/\/www.gruppopdregionetoscana.it\/web\/wp-json\/wp\/v2\/posts\/9265","targetHints":{"allow":["GET"]}}],"collection":[{"href":"https:\/\/www.gruppopdregionetoscana.it\/web\/wp-json\/wp\/v2\/posts"}],"about":[{"href":"https:\/\/www.gruppopdregionetoscana.it\/web\/wp-json\/wp\/v2\/types\/post"}],"author":[{"embeddable":true,"href":"https:\/\/www.gruppopdregionetoscana.it\/web\/wp-json\/wp\/v2\/users\/1"}],"replies":[{"embeddable":true,"href":"https:\/\/www.gruppopdregionetoscana.it\/web\/wp-json\/wp\/v2\/comments?post=9265"}],"version-history":[{"count":0,"href":"https:\/\/www.gruppopdregionetoscana.it\/web\/wp-json\/wp\/v2\/posts\/9265\/revisions"}],"wp:featuredmedia":[{"embeddable":true,"href":"https:\/\/www.gruppopdregionetoscana.it\/web\/wp-json\/wp\/v2\/media\/7657"}],"wp:attachment":[{"href":"https:\/\/www.gruppopdregionetoscana.it\/web\/wp-json\/wp\/v2\/media?parent=9265"}],"wp:term":[{"taxonomy":"category","embeddable":true,"href":"https:\/\/www.gruppopdregionetoscana.it\/web\/wp-json\/wp\/v2\/categories?post=9265"},{"taxonomy":"post_tag","embeddable":true,"href":"https:\/\/www.gruppopdregionetoscana.it\/web\/wp-json\/wp\/v2\/tags?post=9265"}],"curies":[{"name":"wp","href":"https:\/\/api.w.org\/{rel}","templated":true}]}}