{"id":9267,"date":"2014-11-11T18:13:52","date_gmt":"2014-11-11T17:13:52","guid":{"rendered":"http:\/\/www.gruppopdregionetoscana.it\/web\/?p=9267"},"modified":"2014-11-11T18:13:52","modified_gmt":"2014-11-11T17:13:52","slug":"elezioni-regionali-ferrucci-pd-sto-rossi","status":"publish","type":"post","link":"https:\/\/www.gruppopdregionetoscana.it\/web\/elezioni-regionali-ferrucci-pd-sto-rossi\/","title":{"rendered":"Elezioni regionali,  Ferrucci (Pd): \u201cIo sto con Rossi\u201d"},"content":{"rendered":"<p><a href=\"http:\/\/www.gruppopdregionetoscana.it\/web\/wp-content\/uploads\/2014\/11\/CONROSSI.jpg\"><img loading=\"lazy\" decoding=\"async\" class=\"alignleft size-medium wp-image-9268\" src=\"http:\/\/www.gruppopdregionetoscana.it\/web\/wp-content\/uploads\/2014\/11\/CONROSSI-300x267.jpg\" alt=\"CONROSSI\" width=\"300\" height=\"267\" \/><\/a>\u201cIl presidente Enrico Rossi ha lavorato bene in questi anni. La Toscana grazie a lui si \u00e8 in pi\u00f9 occasioni contraddistinta nel panorama nazionale; si \u00e8 dimostrata una Regione innovativa e all\u2019avanguardia in settori fondamentali: dalle politiche volte al mantenimento e al sostegno dello stato sociale, alle misure economiche, e fino ai diritti civili. La nostra Regione ha legiferato, bene e con lungimiranza, su materie complesse e rilevanti; facendo pi\u00f9 volte da apripista per altre realt\u00e0 istituzionali. Basti pensare ai progetti volti mantenere e rinforzare il <em>welfare<\/em>; basti pensare alle misure adottate a sostegno delle famiglie o delle aziende in difficolt\u00e0. Non c\u2019\u00e8 un solo euro del nostro bilancio regionale che non sia stato investito con l\u2019obiettivo prioritario di aiutare chi \u00e8 in difficolt\u00e0 o con quello di incrementare lo sviluppo economico, e quindi la produttivit\u00e0. Con una <em>vision<\/em> su tutte: invertire i dati sull\u2019occupazione, e quindi puntare sulla crescita \u2013 economica, culturale e politica \u2013 della nostra societ\u00e0. La nostra Regione, nonostante la continua diminuzione di trasferimenti avvenuti negli anni dai governi nazionali, ha mantenuto alti i livelli e la qualit\u00e0 dei servizi rivolti ai cittadini. Abbiamo lavorato, e stiamo lavorando, per mantenere le nostre eccellenze e migliorare le nostre criticit\u00e0. Mi riferisco al settore sanitario, a quello dei trasporti, alle politiche sociali. Per questo, per tutto quello che di buono e importante \u00e8 stato realizzato, e per tutto quello che potremo fare in futuro, il 12 e il 13 dicembre, nel corso dell\u2019Assemblea regionale del Pd, il mio impegno sar\u00e0 massimo affinch\u00e9 attorno alla ricandidatura di Enrico Rossi alla presidenza della Regione, ci sia il pi\u00f9 ampio sostegno\u201d.<\/p>\n<p>&nbsp;<\/p>\n<p>Cos\u00ec <strong>Ivan Ferrucci presidente del gruppo Pd in Regione,<\/strong> commenta la ricandidatura del presidente Enrico Rossi alle prossime elezioni regionali.<\/p>\n","protected":false},"excerpt":{"rendered":"<p>\u201cIl presidente Enrico Rossi ha lavorato bene in questi anni. La Toscana grazie a lui si \u00e8 in pi\u00f9 occasioni contraddistinta nel panorama nazionale; si \u00e8 dimostrata una Regione innovativa e all\u2019avanguardia in settori fondamentali: dalle politiche volte al mantenimento e al sostegno dello stato sociale, alle misure economiche, e fino ai diritti civili. La [&hellip;]<\/p>\n","protected":false},"author":1,"featured_media":0,"comment_status":"closed","ping_status":"closed","sticky":false,"template":"","format":"standard","meta":{"_jetpack_memberships_contains_paid_content":false,"footnotes":""},"categories":[30],"tags":[],"class_list":{"0":"post-9267","1":"post","2":"type-post","3":"status-publish","4":"format-standard","6":"category-comunicati-stampa","7":"czr-hentry"},"jetpack_featured_media_url":"","jetpack_sharing_enabled":true,"_links":{"self":[{"href":"https:\/\/www.gruppopdregionetoscana.it\/web\/wp-json\/wp\/v2\/posts\/9267","targetHints":{"allow":["GET"]}}],"collection":[{"href":"https:\/\/www.gruppopdregionetoscana.it\/web\/wp-json\/wp\/v2\/posts"}],"about":[{"href":"https:\/\/www.gruppopdregionetoscana.it\/web\/wp-json\/wp\/v2\/types\/post"}],"author":[{"embeddable":true,"href":"https:\/\/www.gruppopdregionetoscana.it\/web\/wp-json\/wp\/v2\/users\/1"}],"replies":[{"embeddable":true,"href":"https:\/\/www.gruppopdregionetoscana.it\/web\/wp-json\/wp\/v2\/comments?post=9267"}],"version-history":[{"count":0,"href":"https:\/\/www.gruppopdregionetoscana.it\/web\/wp-json\/wp\/v2\/posts\/9267\/revisions"}],"wp:attachment":[{"href":"https:\/\/www.gruppopdregionetoscana.it\/web\/wp-json\/wp\/v2\/media?parent=9267"}],"wp:term":[{"taxonomy":"category","embeddable":true,"href":"https:\/\/www.gruppopdregionetoscana.it\/web\/wp-json\/wp\/v2\/categories?post=9267"},{"taxonomy":"post_tag","embeddable":true,"href":"https:\/\/www.gruppopdregionetoscana.it\/web\/wp-json\/wp\/v2\/tags?post=9267"}],"curies":[{"name":"wp","href":"https:\/\/api.w.org\/{rel}","templated":true}]}}