{"id":9270,"date":"2014-11-11T18:23:15","date_gmt":"2014-11-11T17:23:15","guid":{"rendered":"http:\/\/www.gruppopdregionetoscana.it\/web\/?p=9270"},"modified":"2014-11-11T18:37:44","modified_gmt":"2014-11-11T17:37:44","slug":"opg-montelupo-brogi-pd-regione-aspetta-chiuda","status":"publish","type":"post","link":"https:\/\/www.gruppopdregionetoscana.it\/web\/opg-montelupo-brogi-pd-regione-aspetta-chiuda\/","title":{"rendered":"Opg di Montelupo Fiorentino, Brogi (Pd): \u201cLa Regione cosa aspetta? Lo chiuda!\u201d"},"content":{"rendered":"<p><a href=\"http:\/\/www.gruppopdregionetoscana.it\/web\/wp-content\/uploads\/2014\/01\/opg_montelupo.jpg\"><img loading=\"lazy\" decoding=\"async\" class=\"alignleft size-medium wp-image-7580\" src=\"http:\/\/www.gruppopdregionetoscana.it\/web\/wp-content\/uploads\/2014\/01\/opg_montelupo-300x193.jpg\" alt=\"opg_montelupo\" width=\"300\" height=\"193\" srcset=\"https:\/\/www.gruppopdregionetoscana.it\/web\/wp-content\/uploads\/2014\/01\/opg_montelupo-300x193.jpg 300w, https:\/\/www.gruppopdregionetoscana.it\/web\/wp-content\/uploads\/2014\/01\/opg_montelupo.jpg 400w\" sizes=\"auto, (max-width: 300px) 100vw, 300px\" \/><\/a>\u201cLe notizie che continuano ad arrivare dall\u2019Ospedale Psichiatrico Giudiziario di Montelupo Fiorentino non fanno altro che aumentare la nostra preoccupazione nei confronti di questa struttura. Una realt\u00e0 sulla quale urge attuare concretamente il piano di superamento messo a punto gi\u00e0 da alcuni mesi dalla Regione. Si tratta di un atto che, con coraggio, deve portare avanti la nostra Regione prima di arrivare ad aprile 2015 \u2013 data di scadenza (peraltro gi\u00e0 prorogata) prevista per la chiusura di queste strutture a livello nazionale. Lo ribadisco perch\u00e9, come Regione, abbiamo gi\u00e0 approvato un percorso volto al superamento della struttura. Cosa aspettiamo ad attuarlo? Non mettiamo da parte la lungimiranza, la tenacia, che abbiamo pi\u00f9 volte dimostrato nel portare avanti le nostre scelte. Ancora una volta abbiamo davanti a noi una questione di civilt\u00e0, sulla quale una decisione definitiva non pu\u00f2 pi\u00f9 essere rimandata\u201d .<\/p>\n<p>&nbsp;<\/p>\n<p>Cos\u00ec<strong> Enzo Brogi, consigliere regionale Pd<\/strong>, a seguito dei fatti avvenuti all\u2019Opg di Montelupo Fiorentino.<\/p>\n","protected":false},"excerpt":{"rendered":"<p>\u201cLe notizie che continuano ad arrivare dall\u2019Ospedale Psichiatrico Giudiziario di Montelupo Fiorentino non fanno altro che aumentare la nostra preoccupazione nei confronti di questa struttura. Una realt\u00e0 sulla quale urge attuare concretamente il piano di superamento messo a punto gi\u00e0 da alcuni mesi dalla Regione. Si tratta di un atto che, con coraggio, deve portare [&hellip;]<\/p>\n","protected":false},"author":1,"featured_media":8054,"comment_status":"closed","ping_status":"closed","sticky":false,"template":"","format":"standard","meta":{"_jetpack_memberships_contains_paid_content":false,"footnotes":""},"categories":[30],"tags":[],"class_list":{"0":"post-9270","1":"post","2":"type-post","3":"status-publish","4":"format-standard","5":"has-post-thumbnail","7":"category-comunicati-stampa","8":"czr-hentry"},"jetpack_featured_media_url":"https:\/\/www.gruppopdregionetoscana.it\/web\/wp-content\/uploads\/2014\/04\/opg_montelupo.jpg","jetpack_sharing_enabled":true,"_links":{"self":[{"href":"https:\/\/www.gruppopdregionetoscana.it\/web\/wp-json\/wp\/v2\/posts\/9270","targetHints":{"allow":["GET"]}}],"collection":[{"href":"https:\/\/www.gruppopdregionetoscana.it\/web\/wp-json\/wp\/v2\/posts"}],"about":[{"href":"https:\/\/www.gruppopdregionetoscana.it\/web\/wp-json\/wp\/v2\/types\/post"}],"author":[{"embeddable":true,"href":"https:\/\/www.gruppopdregionetoscana.it\/web\/wp-json\/wp\/v2\/users\/1"}],"replies":[{"embeddable":true,"href":"https:\/\/www.gruppopdregionetoscana.it\/web\/wp-json\/wp\/v2\/comments?post=9270"}],"version-history":[{"count":0,"href":"https:\/\/www.gruppopdregionetoscana.it\/web\/wp-json\/wp\/v2\/posts\/9270\/revisions"}],"wp:featuredmedia":[{"embeddable":true,"href":"https:\/\/www.gruppopdregionetoscana.it\/web\/wp-json\/wp\/v2\/media\/8054"}],"wp:attachment":[{"href":"https:\/\/www.gruppopdregionetoscana.it\/web\/wp-json\/wp\/v2\/media?parent=9270"}],"wp:term":[{"taxonomy":"category","embeddable":true,"href":"https:\/\/www.gruppopdregionetoscana.it\/web\/wp-json\/wp\/v2\/categories?post=9270"},{"taxonomy":"post_tag","embeddable":true,"href":"https:\/\/www.gruppopdregionetoscana.it\/web\/wp-json\/wp\/v2\/tags?post=9270"}],"curies":[{"name":"wp","href":"https:\/\/api.w.org\/{rel}","templated":true}]}}