{"id":9550,"date":"2015-01-21T15:02:37","date_gmt":"2015-01-21T14:02:37","guid":{"rendered":"http:\/\/www.gruppopdregionetoscana.it\/web\/?p=9550"},"modified":"2015-01-21T15:02:37","modified_gmt":"2015-01-21T14:02:37","slug":"grandi-elettori-ferrucci-pd-scelta-rispecchia-situazione-istituzionale-politica-de-robertis-pd-onore-responsabilita-in-compito","status":"publish","type":"post","link":"https:\/\/www.gruppopdregionetoscana.it\/web\/grandi-elettori-ferrucci-pd-scelta-rispecchia-situazione-istituzionale-politica-de-robertis-pd-onore-responsabilita-in-compito\/","title":{"rendered":"Grandi elettori, Ferrucci (Pd): \u201cScelta che rispecchia situazione istituzionale e politica\u201d. De Robertis (Pd): \u201cOnore e responsabilit\u00e0 in questo compito\u201d"},"content":{"rendered":"<p><strong><a href=\"http:\/\/www.gruppopdregionetoscana.it\/web\/wp-content\/uploads\/2015\/01\/ferrucci-derobertis.jpg\"><img loading=\"lazy\" decoding=\"async\" class=\"alignleft size-medium wp-image-9551\" src=\"http:\/\/www.gruppopdregionetoscana.it\/web\/wp-content\/uploads\/2015\/01\/ferrucci-derobertis-300x190.jpg\" alt=\"ferrucci-derobertis\" width=\"300\" height=\"190\" \/><\/a>Firenze 21.01.15 &#8211; <\/strong>\u201cUna scelta che rispecchia la situazione istituzionale e politica che stiamo attraversando e che coinvolge le maggiori rappresentanze nell&#8217;assemblea\u201d. A dirlo \u00e8 <strong>Ivan Ferrucci<\/strong>, capogruppo Pd Regione Toscana, in merito alla designazione quali grandi elettori per il Presidente della Repubblica del governatore Enrico Rossi, di Lucia De Robertis, vicecapogruppo Pd nell\u2019assemblea toscana e Stefania Fuscagni (Forza Italia), votazione avvenuta nel corso della seduta odierna del Consiglio regionale\u00a0 \u201cIn questi anni soprattutto negli ultimi due, il quadro politico e istituzionale \u00e8 profondamente cambiato, basti pensare che l\u2019attuale rappresentanza del Consiglio regionale ha visto, per oltre la met\u00e0 dei suoi componenti, il nascere di nuovi gruppi consiliari. \u2013 prosegue Ferrucci &#8211; Per questo, grazie alla disponibilit\u00e0 del Presidente del Consiglio, che colgo l\u2019occasione di ringraziare, siamo arrivati a discutere e a valutare all\u2019interno dell\u2019assemblea regionale una proposta in grado di coinvolgere i gruppi consiliari pi\u00f9 rappresentativi. La votazione \u00e8 il risultato positivo di questa discussione\u201d.\u00a0<strong><br \/>\n<\/strong><\/p>\n<p>\u201c\u00c8 una grande responsabilit\u00e0, ma anche un grande onore quello di poter rappresentare la Toscana in un momento cos\u00ec importante per la vita politica ed istituzionale del paese. \u2013 commenta <strong>Lucia De Robertis<\/strong> &#8211;\u00a0 \u00c8 un compito che affronter\u00f2 con seriet\u00e0 ed emozione. Ringrazio il capogruppo Ivan Ferrucci per il lavoro di sintesi non facile svolto nelle ultime ore e tutti i consiglieri regionali che con il loro voto mi hanno dato la loro fiducia\u201d.<\/p>\n","protected":false},"excerpt":{"rendered":"<p>Firenze 21.01.15 &#8211; \u201cUna scelta che rispecchia la situazione istituzionale e politica che stiamo attraversando e che coinvolge le maggiori rappresentanze nell&#8217;assemblea\u201d. A dirlo \u00e8 Ivan Ferrucci, capogruppo Pd Regione Toscana, in merito alla designazione quali grandi elettori per il Presidente della Repubblica del governatore Enrico Rossi, di Lucia De Robertis, vicecapogruppo Pd nell\u2019assemblea toscana [&hellip;]<\/p>\n","protected":false},"author":1,"featured_media":0,"comment_status":"closed","ping_status":"closed","sticky":false,"template":"","format":"standard","meta":{"_jetpack_memberships_contains_paid_content":false,"footnotes":""},"categories":[30,633],"tags":[951,950],"class_list":{"0":"post-9550","1":"post","2":"type-post","3":"status-publish","4":"format-standard","6":"category-comunicati-stampa","7":"category-notizie-lucia-de-robertis","8":"tag-grandi-elettori","9":"tag-quirinale","10":"czr-hentry"},"jetpack_featured_media_url":"","jetpack_sharing_enabled":true,"_links":{"self":[{"href":"https:\/\/www.gruppopdregionetoscana.it\/web\/wp-json\/wp\/v2\/posts\/9550","targetHints":{"allow":["GET"]}}],"collection":[{"href":"https:\/\/www.gruppopdregionetoscana.it\/web\/wp-json\/wp\/v2\/posts"}],"about":[{"href":"https:\/\/www.gruppopdregionetoscana.it\/web\/wp-json\/wp\/v2\/types\/post"}],"author":[{"embeddable":true,"href":"https:\/\/www.gruppopdregionetoscana.it\/web\/wp-json\/wp\/v2\/users\/1"}],"replies":[{"embeddable":true,"href":"https:\/\/www.gruppopdregionetoscana.it\/web\/wp-json\/wp\/v2\/comments?post=9550"}],"version-history":[{"count":0,"href":"https:\/\/www.gruppopdregionetoscana.it\/web\/wp-json\/wp\/v2\/posts\/9550\/revisions"}],"wp:attachment":[{"href":"https:\/\/www.gruppopdregionetoscana.it\/web\/wp-json\/wp\/v2\/media?parent=9550"}],"wp:term":[{"taxonomy":"category","embeddable":true,"href":"https:\/\/www.gruppopdregionetoscana.it\/web\/wp-json\/wp\/v2\/categories?post=9550"},{"taxonomy":"post_tag","embeddable":true,"href":"https:\/\/www.gruppopdregionetoscana.it\/web\/wp-json\/wp\/v2\/tags?post=9550"}],"curies":[{"name":"wp","href":"https:\/\/api.w.org\/{rel}","templated":true}]}}