{"id":9685,"date":"2015-02-16T19:22:30","date_gmt":"2015-02-16T18:22:30","guid":{"rendered":"http:\/\/www.gruppopdregionetoscana.it\/web\/?p=9685"},"modified":"2015-02-16T19:26:29","modified_gmt":"2015-02-16T18:26:29","slug":"carceri-brogi-pd-ad-arezzo-i-lavori-ristrutturazione-devono-andare-avanti","status":"publish","type":"post","link":"https:\/\/www.gruppopdregionetoscana.it\/web\/carceri-brogi-pd-ad-arezzo-i-lavori-ristrutturazione-devono-andare-avanti\/","title":{"rendered":"Carceri,  Brogi (Pd): \u201cAd Arezzo i lavori di ristrutturazione devono andare avanti\u201d"},"content":{"rendered":"<p><a href=\"http:\/\/www.gruppopdregionetoscana.it\/web\/wp-content\/uploads\/2014\/03\/carceri-2.jpg\"><img loading=\"lazy\" decoding=\"async\" class=\"alignleft size-medium wp-image-7828\" src=\"http:\/\/www.gruppopdregionetoscana.it\/web\/wp-content\/uploads\/2014\/03\/carceri-2-300x204.jpg\" alt=\"carceri-2\" width=\"300\" height=\"204\" srcset=\"https:\/\/www.gruppopdregionetoscana.it\/web\/wp-content\/uploads\/2014\/03\/carceri-2-300x204.jpg 300w, https:\/\/www.gruppopdregionetoscana.it\/web\/wp-content\/uploads\/2014\/03\/carceri-2.jpg 400w\" sizes=\"auto, (max-width: 300px) 100vw, 300px\" \/><\/a>\u201cE\u2019 inaccettabile che sia tutto fermo. E\u2019 inaccettabile che i lavori di ristrutturazione del carcere aretino non siano ancora ripartiti. A fronte di tutto questo, la situazione di partenza non pu\u00f2 che essere peggiorata: cos\u00ec oggi ci troviamo di fronte a una realt\u00e0 fatiscente, malsana e inadeguata. Pertanto, capisco e condivido l\u2019allarme che lancia il garante dei detenuti regionale, Franco Corleone, che in questi giorni sta facendo dei sopralluoghi in alcuni penitenziari della Toscana. Nella nostra regione, cos\u00ec come nel resto del Paese, quasi tutti gli istituti hanno il problema del sovraffollamento. Ad Arezzo abbiamo un carcere semivuoto e inagibile, il quale, se ristrutturato, potrebbe dare respiro a diversi penitenziari, e soprattutto offrire condizioni di vita migliori a tanti detenuti\u201d.<\/p>\n<p>&nbsp;<\/p>\n<p>E\u2019 quanto dichiara <strong>Enzo Brogi consigliere regionale del Partito Democratico<\/strong>, in merito alla situazione dell\u2019istituto penitenziario aretino.<\/p>\n<p>&nbsp;<\/p>\n","protected":false},"excerpt":{"rendered":"<p>\u201cE\u2019 inaccettabile che sia tutto fermo. E\u2019 inaccettabile che i lavori di ristrutturazione del carcere aretino non siano ancora ripartiti. A fronte di tutto questo, la situazione di partenza non pu\u00f2 che essere peggiorata: cos\u00ec oggi ci troviamo di fronte a una realt\u00e0 fatiscente, malsana e inadeguata. Pertanto, capisco e condivido l\u2019allarme che lancia il [&hellip;]<\/p>\n","protected":false},"author":1,"featured_media":7828,"comment_status":"closed","ping_status":"closed","sticky":false,"template":"","format":"standard","meta":{"_jetpack_memberships_contains_paid_content":false,"footnotes":""},"categories":[30],"tags":[],"class_list":{"0":"post-9685","1":"post","2":"type-post","3":"status-publish","4":"format-standard","5":"has-post-thumbnail","7":"category-comunicati-stampa","8":"czr-hentry"},"jetpack_featured_media_url":"https:\/\/www.gruppopdregionetoscana.it\/web\/wp-content\/uploads\/2014\/03\/carceri-2.jpg","jetpack_sharing_enabled":true,"_links":{"self":[{"href":"https:\/\/www.gruppopdregionetoscana.it\/web\/wp-json\/wp\/v2\/posts\/9685","targetHints":{"allow":["GET"]}}],"collection":[{"href":"https:\/\/www.gruppopdregionetoscana.it\/web\/wp-json\/wp\/v2\/posts"}],"about":[{"href":"https:\/\/www.gruppopdregionetoscana.it\/web\/wp-json\/wp\/v2\/types\/post"}],"author":[{"embeddable":true,"href":"https:\/\/www.gruppopdregionetoscana.it\/web\/wp-json\/wp\/v2\/users\/1"}],"replies":[{"embeddable":true,"href":"https:\/\/www.gruppopdregionetoscana.it\/web\/wp-json\/wp\/v2\/comments?post=9685"}],"version-history":[{"count":0,"href":"https:\/\/www.gruppopdregionetoscana.it\/web\/wp-json\/wp\/v2\/posts\/9685\/revisions"}],"wp:featuredmedia":[{"embeddable":true,"href":"https:\/\/www.gruppopdregionetoscana.it\/web\/wp-json\/wp\/v2\/media\/7828"}],"wp:attachment":[{"href":"https:\/\/www.gruppopdregionetoscana.it\/web\/wp-json\/wp\/v2\/media?parent=9685"}],"wp:term":[{"taxonomy":"category","embeddable":true,"href":"https:\/\/www.gruppopdregionetoscana.it\/web\/wp-json\/wp\/v2\/categories?post=9685"},{"taxonomy":"post_tag","embeddable":true,"href":"https:\/\/www.gruppopdregionetoscana.it\/web\/wp-json\/wp\/v2\/tags?post=9685"}],"curies":[{"name":"wp","href":"https:\/\/api.w.org\/{rel}","templated":true}]}}