{"id":9690,"date":"2015-02-18T12:34:57","date_gmt":"2015-02-18T11:34:57","guid":{"rendered":"http:\/\/www.gruppopdregionetoscana.it\/web\/?p=9690"},"modified":"2015-02-18T12:34:57","modified_gmt":"2015-02-18T11:34:57","slug":"lucia-de-robertis-pd-vitalizio-caduta-stile-rinunciare-cio-non-si","status":"publish","type":"post","link":"https:\/\/www.gruppopdregionetoscana.it\/web\/lucia-de-robertis-pd-vitalizio-caduta-stile-rinunciare-cio-non-si\/","title":{"rendered":"Lucia De Robertis (Pd) sul vitalizio: \u201cCaduta di stile rinunciare a ci\u00f2 che non si ha\u201d"},"content":{"rendered":"<p><strong><em>\u00a0<\/em><em>\u201cNon ho potuto\u00a0rinunciare\u00a0al vitalizio\u00a0perch\u00e9\u00a0non lo percepir\u00f2\u201d, spiega la consigliera regionale<\/em><\/strong><\/p>\n<p><a href=\"http:\/\/www.gruppopdregionetoscana.it\/web\/wp-content\/uploads\/2013\/09\/derobertis2.jpg\"><img loading=\"lazy\" decoding=\"async\" class=\"alignleft wp-image-5490 size-thumbnail\" src=\"http:\/\/www.gruppopdregionetoscana.it\/web\/wp-content\/uploads\/2013\/09\/derobertis2-150x150.jpg\" alt=\"derobertis2\" width=\"150\" height=\"150\" srcset=\"https:\/\/www.gruppopdregionetoscana.it\/web\/wp-content\/uploads\/2013\/09\/derobertis2-150x150.jpg 150w, https:\/\/www.gruppopdregionetoscana.it\/web\/wp-content\/uploads\/2013\/09\/derobertis2-66x66.jpg 66w\" sizes=\"auto, (max-width: 150px) 100vw, 150px\" \/><\/a>FIRENZE 18.02.2015 &#8211; \u00abMi \u00e8 stato fatto notare che non ho rinunciato al vitalizio di consigliere regionale. Ed \u00e8 vero. Ma sarebbe stata veramente anomala una rinuncia al nulla: non ho infatti maturato le condizioni per averlo, il vitalizio, cio\u00e8 il minimo di legislatura previsto dalla legge. Sia chiaro: mi pare assolutamente doveroso che questo privilegio venga cancellato. D\u2019altro canto mi sembrava il ragionamento della volpe a proposito dell\u2019uva intervenire su questo argomento: troppo facile rinunciare a ci\u00f2 che non si ha e non si avr\u00e0. Avevo quindi deciso di non intervenire su questo tema ma, da alcune parti, mi \u00e8 stato fatto notare che il silenzio era stato scambiato quale decisione di \u201cconservare\u201d il vitalizio. Da qui la precisazione doverosa\u00bb.<\/p>\n<p>Cos\u00ec <strong>Lucia De Robertis<\/strong>, vicecapogruppo Pd in Consiglio regionale, sulla questione \u201cvitalizio\u201d.<\/p>\n","protected":false},"excerpt":{"rendered":"<p>\u00a0\u201cNon ho potuto\u00a0rinunciare\u00a0al vitalizio\u00a0perch\u00e9\u00a0non lo percepir\u00f2\u201d, spiega la consigliera regionale FIRENZE 18.02.2015 &#8211; \u00abMi \u00e8 stato fatto notare che non ho rinunciato al vitalizio di consigliere regionale. Ed \u00e8 vero. Ma sarebbe stata veramente anomala una rinuncia al nulla: non ho infatti maturato le condizioni per averlo, il vitalizio, cio\u00e8 il minimo di legislatura previsto [&hellip;]<\/p>\n","protected":false},"author":1,"featured_media":5490,"comment_status":"closed","ping_status":"closed","sticky":false,"template":"","format":"standard","meta":{"_jetpack_memberships_contains_paid_content":false,"footnotes":""},"categories":[30,633],"tags":[],"class_list":{"0":"post-9690","1":"post","2":"type-post","3":"status-publish","4":"format-standard","5":"has-post-thumbnail","7":"category-comunicati-stampa","8":"category-notizie-lucia-de-robertis","9":"czr-hentry"},"jetpack_featured_media_url":"https:\/\/www.gruppopdregionetoscana.it\/web\/wp-content\/uploads\/2013\/09\/derobertis2.jpg","jetpack_sharing_enabled":true,"_links":{"self":[{"href":"https:\/\/www.gruppopdregionetoscana.it\/web\/wp-json\/wp\/v2\/posts\/9690","targetHints":{"allow":["GET"]}}],"collection":[{"href":"https:\/\/www.gruppopdregionetoscana.it\/web\/wp-json\/wp\/v2\/posts"}],"about":[{"href":"https:\/\/www.gruppopdregionetoscana.it\/web\/wp-json\/wp\/v2\/types\/post"}],"author":[{"embeddable":true,"href":"https:\/\/www.gruppopdregionetoscana.it\/web\/wp-json\/wp\/v2\/users\/1"}],"replies":[{"embeddable":true,"href":"https:\/\/www.gruppopdregionetoscana.it\/web\/wp-json\/wp\/v2\/comments?post=9690"}],"version-history":[{"count":0,"href":"https:\/\/www.gruppopdregionetoscana.it\/web\/wp-json\/wp\/v2\/posts\/9690\/revisions"}],"wp:featuredmedia":[{"embeddable":true,"href":"https:\/\/www.gruppopdregionetoscana.it\/web\/wp-json\/wp\/v2\/media\/5490"}],"wp:attachment":[{"href":"https:\/\/www.gruppopdregionetoscana.it\/web\/wp-json\/wp\/v2\/media?parent=9690"}],"wp:term":[{"taxonomy":"category","embeddable":true,"href":"https:\/\/www.gruppopdregionetoscana.it\/web\/wp-json\/wp\/v2\/categories?post=9690"},{"taxonomy":"post_tag","embeddable":true,"href":"https:\/\/www.gruppopdregionetoscana.it\/web\/wp-json\/wp\/v2\/tags?post=9690"}],"curies":[{"name":"wp","href":"https:\/\/api.w.org\/{rel}","templated":true}]}}