{"id":9692,"date":"2015-02-19T15:22:44","date_gmt":"2015-02-19T14:22:44","guid":{"rendered":"http:\/\/www.gruppopdregionetoscana.it\/web\/?p=9692"},"modified":"2015-02-19T15:22:44","modified_gmt":"2015-02-19T14:22:44","slug":"castiglion-fiorentino-decisione-tar-powercrop-de-robertis-pd-buona-notizia-premia-mette-posto-gli-interessi-comunita","status":"publish","type":"post","link":"https:\/\/www.gruppopdregionetoscana.it\/web\/castiglion-fiorentino-decisione-tar-powercrop-de-robertis-pd-buona-notizia-premia-mette-posto-gli-interessi-comunita\/","title":{"rendered":"Castiglion Fiorentino, Decisione Tar su Powercrop, De Robertis (Pd): \u201cUna buona notizia che premia chi mette al primo posto gli interessi della comunit\u00e0\u201d"},"content":{"rendered":"<p><a href=\"http:\/\/www.gruppopdregionetoscana.it\/web\/wp-content\/uploads\/2013\/10\/derobertis-lucia.jpg\"><img loading=\"lazy\" decoding=\"async\" class=\"alignleft wp-image-6642 size-thumbnail\" src=\"http:\/\/www.gruppopdregionetoscana.it\/web\/wp-content\/uploads\/2013\/10\/derobertis-lucia-150x150.jpg\" alt=\"derobertis-lucia\" width=\"150\" height=\"150\" srcset=\"https:\/\/www.gruppopdregionetoscana.it\/web\/wp-content\/uploads\/2013\/10\/derobertis-lucia-150x150.jpg 150w, https:\/\/www.gruppopdregionetoscana.it\/web\/wp-content\/uploads\/2013\/10\/derobertis-lucia-300x300.jpg 300w, https:\/\/www.gruppopdregionetoscana.it\/web\/wp-content\/uploads\/2013\/10\/derobertis-lucia-66x66.jpg 66w, https:\/\/www.gruppopdregionetoscana.it\/web\/wp-content\/uploads\/2013\/10\/derobertis-lucia.jpg 500w\" sizes=\"auto, (max-width: 150px) 100vw, 150px\" \/><\/a>FIRENZE 19.02.2015 (c.b.) \u00abUna buona notizia per i cittadini di Catiglion Fiorentino, una decisione attesa e che dimostra come le ragioni del corretto operato amministrativo, del confronto decisivo con le popolazioni interessate, del mettere al primo posto gli interessi dell\u2019ambiente e della salute, possano trovare soddisfazione anche in ambiti complessi quali quelli della giustizia amministrativa. La Regione Toscana aveva espresso in tutte le sedi la sua contrariet\u00e0 all\u2019impianto: c\u2019\u00e8 stato quindi un lavoro comune, con gli amministratori della Provincia di Arezzo e al fianco del Comitato, per essere interpreti fino in fondo dell\u2019interesse della comunit\u00e0, con seriet\u00e0 e responsabilit\u00e0. Non so se la decisione del Tar chiude definitivamente la vicenda o se ci sar\u00e0 un ulteriore ricorso, ma \u00e8 chiaro che questa \u00e8 una prima importante vittoria e che noi saremo ancora impegnati ad affermare la nostra contrariet\u00e0 in altre sedi\u00bb.<\/p>\n<p>Cos\u00ec <strong>Lucia De Robertis<\/strong>, vicecapogruppo del Pd in Consiglio regionale, commenta la decisione del Tar di respingere il ricorso della Powercrop circa la realizzazione della centrale di Castiglion Fiorentino.<\/p>\n<p><strong>\u00a0<\/strong><\/p>\n<p><strong>\u00a0<\/strong><\/p>\n","protected":false},"excerpt":{"rendered":"<p>FIRENZE 19.02.2015 (c.b.) \u00abUna buona notizia per i cittadini di Catiglion Fiorentino, una decisione attesa e che dimostra come le ragioni del corretto operato amministrativo, del confronto decisivo con le popolazioni interessate, del mettere al primo posto gli interessi dell\u2019ambiente e della salute, possano trovare soddisfazione anche in ambiti complessi quali quelli della giustizia amministrativa. [&hellip;]<\/p>\n","protected":false},"author":1,"featured_media":9693,"comment_status":"closed","ping_status":"closed","sticky":false,"template":"","format":"standard","meta":{"_jetpack_memberships_contains_paid_content":false,"footnotes":""},"categories":[30,633],"tags":[696],"class_list":{"0":"post-9692","1":"post","2":"type-post","3":"status-publish","4":"format-standard","5":"has-post-thumbnail","7":"category-comunicati-stampa","8":"category-notizie-lucia-de-robertis","9":"tag-ambiente","10":"czr-hentry"},"jetpack_featured_media_url":"https:\/\/www.gruppopdregionetoscana.it\/web\/wp-content\/uploads\/2015\/02\/biomasse_legno.jpg","jetpack_sharing_enabled":true,"_links":{"self":[{"href":"https:\/\/www.gruppopdregionetoscana.it\/web\/wp-json\/wp\/v2\/posts\/9692","targetHints":{"allow":["GET"]}}],"collection":[{"href":"https:\/\/www.gruppopdregionetoscana.it\/web\/wp-json\/wp\/v2\/posts"}],"about":[{"href":"https:\/\/www.gruppopdregionetoscana.it\/web\/wp-json\/wp\/v2\/types\/post"}],"author":[{"embeddable":true,"href":"https:\/\/www.gruppopdregionetoscana.it\/web\/wp-json\/wp\/v2\/users\/1"}],"replies":[{"embeddable":true,"href":"https:\/\/www.gruppopdregionetoscana.it\/web\/wp-json\/wp\/v2\/comments?post=9692"}],"version-history":[{"count":0,"href":"https:\/\/www.gruppopdregionetoscana.it\/web\/wp-json\/wp\/v2\/posts\/9692\/revisions"}],"wp:featuredmedia":[{"embeddable":true,"href":"https:\/\/www.gruppopdregionetoscana.it\/web\/wp-json\/wp\/v2\/media\/9693"}],"wp:attachment":[{"href":"https:\/\/www.gruppopdregionetoscana.it\/web\/wp-json\/wp\/v2\/media?parent=9692"}],"wp:term":[{"taxonomy":"category","embeddable":true,"href":"https:\/\/www.gruppopdregionetoscana.it\/web\/wp-json\/wp\/v2\/categories?post=9692"},{"taxonomy":"post_tag","embeddable":true,"href":"https:\/\/www.gruppopdregionetoscana.it\/web\/wp-json\/wp\/v2\/tags?post=9692"}],"curies":[{"name":"wp","href":"https:\/\/api.w.org\/{rel}","templated":true}]}}