{"id":9695,"date":"2015-02-19T17:02:02","date_gmt":"2015-02-19T16:02:02","guid":{"rendered":"http:\/\/www.gruppopdregionetoscana.it\/web\/?p=9695"},"modified":"2015-02-19T17:02:02","modified_gmt":"2015-02-19T16:02:02","slug":"assistenza-sessuale-per-disabili-brogi-pd-presidente-rossi-firma-mia-risoluzione","status":"publish","type":"post","link":"https:\/\/www.gruppopdregionetoscana.it\/web\/assistenza-sessuale-per-disabili-brogi-pd-presidente-rossi-firma-mia-risoluzione\/","title":{"rendered":"Assistenza sessuale per disabili, Brogi (Pd): \u201cAnche il presidente Rossi firma la mia risoluzione\u201d"},"content":{"rendered":"<p><a href=\"http:\/\/www.gruppopdregionetoscana.it\/web\/wp-content\/uploads\/2015\/01\/unnamed3.jpg\"><img loading=\"lazy\" decoding=\"async\" class=\"alignleft size-medium wp-image-9563\" src=\"http:\/\/www.gruppopdregionetoscana.it\/web\/wp-content\/uploads\/2015\/01\/unnamed3-300x225.jpg\" alt=\"unnamed3\" width=\"300\" height=\"225\" srcset=\"https:\/\/www.gruppopdregionetoscana.it\/web\/wp-content\/uploads\/2015\/01\/unnamed3-300x225.jpg 300w, https:\/\/www.gruppopdregionetoscana.it\/web\/wp-content\/uploads\/2015\/01\/unnamed3.jpg 640w\" sizes=\"auto, (max-width: 300px) 100vw, 300px\" \/><\/a>\u201cRiconoscere professionalmente l\u2019assistente sessuale per persone con disabilit\u00e0: la Toscana in prima fila per arrivare all\u2019approvazione di un disegno di legge nazionale. Anche il presidente della Regione, Enrico Rossi, ha firmato la risoluzione che gi\u00e0 nel corso del convegno <em>Disabilit\u00e0 e sessualit\u00e0<\/em> avevo preannunciato. Il documento impegna la giunta regionale, oltre a promuovere la normativa presentata a livello nazionale, a intraprendere percorsi volti alla formazione di queste figure, e a valorizzarne il ruolo culturale e sociale\u201d, spiega <strong>Enzo Brogi consigliere regionale del Partito Democratico<\/strong>,\u00a0 primo firmatario della <em>\u201cRisoluzione in merito all\u2019assistenza sessuale per le persone con diversit\u00e0 funzionale o disabilit\u00e0\u201d.<\/em><\/p>\n<p>&nbsp;<\/p>\n<p>\u201cLa dimensione affettiva e sessuale \u00e8 riconosciuta come elemento centrale nella vita degli esseri umani ed \u00e8\u00a0costitutiva dello sviluppo psico-evolutivo di ognuno di noi.\u00a0 Purtroppo finora per persone con disabilit\u00e0 tali aspetti sono rimasti nascosti da una coltre di silenzio. Come se non esistessero \u2013 continua<strong> Brogi<\/strong> &#8211;\u00a0 Abbattiamo le barriere e promuoviamo un cambiamento culturale. Dalla Toscana terra dei diritti e apripista per tante battaglie di civilt\u00e0 vogliamo intraprendere questo nuovo sentiero, affinch\u00e9 anche nel nostro Paese possa essere finalmente riconosciuta e adeguatamente formata la figura dell\u2019assistente sessuale. Una figura che anch\u2019io preferisco pi\u00f9 dolcemente chiamare: a<em>ccarezzatrici o accarezzatori, <\/em>persone capaci di aiutare, psicologicamente e fisicamente, tutti quei cittadini che in altro modo non potrebbero farlo ad interagire con la propria sfera sessuale, con i propri sensi, e ad ascoltare le proprie emozioni. Niente di pi\u00f9 naturale\u201d.<\/p>\n<p>&nbsp;<\/p>\n","protected":false},"excerpt":{"rendered":"<p>\u201cRiconoscere professionalmente l\u2019assistente sessuale per persone con disabilit\u00e0: la Toscana in prima fila per arrivare all\u2019approvazione di un disegno di legge nazionale. Anche il presidente della Regione, Enrico Rossi, ha firmato la risoluzione che gi\u00e0 nel corso del convegno Disabilit\u00e0 e sessualit\u00e0 avevo preannunciato. Il documento impegna la giunta regionale, oltre a promuovere la normativa [&hellip;]<\/p>\n","protected":false},"author":1,"featured_media":9563,"comment_status":"closed","ping_status":"closed","sticky":false,"template":"","format":"standard","meta":{"_jetpack_memberships_contains_paid_content":false,"footnotes":""},"categories":[30],"tags":[],"class_list":{"0":"post-9695","1":"post","2":"type-post","3":"status-publish","4":"format-standard","5":"has-post-thumbnail","7":"category-comunicati-stampa","8":"czr-hentry"},"jetpack_featured_media_url":"https:\/\/www.gruppopdregionetoscana.it\/web\/wp-content\/uploads\/2015\/01\/unnamed3.jpg","jetpack_sharing_enabled":true,"_links":{"self":[{"href":"https:\/\/www.gruppopdregionetoscana.it\/web\/wp-json\/wp\/v2\/posts\/9695","targetHints":{"allow":["GET"]}}],"collection":[{"href":"https:\/\/www.gruppopdregionetoscana.it\/web\/wp-json\/wp\/v2\/posts"}],"about":[{"href":"https:\/\/www.gruppopdregionetoscana.it\/web\/wp-json\/wp\/v2\/types\/post"}],"author":[{"embeddable":true,"href":"https:\/\/www.gruppopdregionetoscana.it\/web\/wp-json\/wp\/v2\/users\/1"}],"replies":[{"embeddable":true,"href":"https:\/\/www.gruppopdregionetoscana.it\/web\/wp-json\/wp\/v2\/comments?post=9695"}],"version-history":[{"count":0,"href":"https:\/\/www.gruppopdregionetoscana.it\/web\/wp-json\/wp\/v2\/posts\/9695\/revisions"}],"wp:featuredmedia":[{"embeddable":true,"href":"https:\/\/www.gruppopdregionetoscana.it\/web\/wp-json\/wp\/v2\/media\/9563"}],"wp:attachment":[{"href":"https:\/\/www.gruppopdregionetoscana.it\/web\/wp-json\/wp\/v2\/media?parent=9695"}],"wp:term":[{"taxonomy":"category","embeddable":true,"href":"https:\/\/www.gruppopdregionetoscana.it\/web\/wp-json\/wp\/v2\/categories?post=9695"},{"taxonomy":"post_tag","embeddable":true,"href":"https:\/\/www.gruppopdregionetoscana.it\/web\/wp-json\/wp\/v2\/tags?post=9695"}],"curies":[{"name":"wp","href":"https:\/\/api.w.org\/{rel}","templated":true}]}}