{"id":9699,"date":"2015-02-21T10:23:28","date_gmt":"2015-02-21T09:23:28","guid":{"rendered":"http:\/\/www.gruppopdregionetoscana.it\/web\/?p=9699"},"modified":"2015-02-23T10:26:28","modified_gmt":"2015-02-23T09:26:28","slug":"piano-paesaggio-ferrucci-affermazioni-irrispettose-marson-pd-porta-avanti-importante-confronto","status":"publish","type":"post","link":"https:\/\/www.gruppopdregionetoscana.it\/web\/piano-paesaggio-ferrucci-affermazioni-irrispettose-marson-pd-porta-avanti-importante-confronto\/","title":{"rendered":"PIANO PAESAGGIO, FERRUCCI: \u201cAFFERMAZIONI IRRISPETTOSE DA MARSON. PD PORTA AVANTI IMPORTANTE LAVORO DI CONFRONTO\u201d"},"content":{"rendered":"<p><strong><a href=\"http:\/\/www.gruppopdregionetoscana.it\/web\/wp-content\/uploads\/2013\/09\/ferrucci2.jpg\"><img loading=\"lazy\" decoding=\"async\" class=\"alignleft wp-image-5491 size-thumbnail\" src=\"http:\/\/www.gruppopdregionetoscana.it\/web\/wp-content\/uploads\/2013\/09\/ferrucci2-150x150.jpg\" alt=\"ferrucci2\" width=\"150\" height=\"150\" srcset=\"https:\/\/www.gruppopdregionetoscana.it\/web\/wp-content\/uploads\/2013\/09\/ferrucci2-150x150.jpg 150w, https:\/\/www.gruppopdregionetoscana.it\/web\/wp-content\/uploads\/2013\/09\/ferrucci2-66x66.jpg 66w\" sizes=\"auto, (max-width: 150px) 100vw, 150px\" \/><\/a>Firenze 21.02.15 &#8211; <\/strong>\u201cTrovo offensive e irrispettose del ruolo istituzionale che ricopriamo le affermazioni dell\u2019assessore Marson sul Corriere della Sera di oggi. Il gruppo consiliare del PD \u00e8 impegnato a portare a termine gli obbiettivi definiti dalla risoluzione del febbraio 2014 riguardanti i punti programmatici di fine legislatura. Tra questi, c\u2019\u00e8 il fondamentale Piano del Paesaggio che, cos\u00ec come la legge sull&#8217;estrazione, porteremo in Consiglio regionale il 10 marzo prossimo. Su questi provvedimenti stiamo lavorando meticolosamente, cercando un confronto con ogni parte coinvolta, valutando e approfondendo ogni aspetto. Il compito di noi consiglieri regionali infatti, come ben dovrebbe sapere l\u2019assessore Marson e come \u00e8 ampiamente spiegato nella nostra Costituzione, non \u00e8 di meri esecutori, ma di legislatori. E come tali ci comporteremo, cos\u00ec come abbiamo fatto per ogni normativa toscana, anche sul piano del paesaggio e sulla legge sull&#8217;estrazione, in quanto rappresentanti dei cittadini che ci hanno eletto e portatori di una visione collettiva della societ\u00e0.\u00a0 Quando a fronte di un percorso istituzionale e di confronto ancora in atto si utilizzano aggettivi come quelli che leggo nelle dichiarazioni dell&#8217;assessore, si esprime una cultura che non ci appartiene, si d\u00e0 un\u2019interpretazione errata e strumentale del nostro ruolo. Credo piuttosto che sarebbe pi\u00f9 utile e opportuno impiegare il tempo da qui al 10 marzo portando contributi fattivi al lavoro che stiamo facendo nelle commissioni\u201d.<\/p>\n<p>Cos\u00ec <strong>Ivan Ferrucci<\/strong>, capogruppo Pd Regione Toscana, interviene nel dibattito sul piano del Paesaggio, rispondendo alle dichiarazioni dell\u2019assessore Marson.<\/p>\n","protected":false},"excerpt":{"rendered":"<p>Firenze 21.02.15 &#8211; \u201cTrovo offensive e irrispettose del ruolo istituzionale che ricopriamo le affermazioni dell\u2019assessore Marson sul Corriere della Sera di oggi. Il gruppo consiliare del PD \u00e8 impegnato a portare a termine gli obbiettivi definiti dalla risoluzione del febbraio 2014 riguardanti i punti programmatici di fine legislatura. Tra questi, c\u2019\u00e8 il fondamentale Piano del [&hellip;]<\/p>\n","protected":false},"author":1,"featured_media":6843,"comment_status":"closed","ping_status":"closed","sticky":false,"template":"","format":"standard","meta":{"_jetpack_memberships_contains_paid_content":false,"footnotes":""},"categories":[30],"tags":[324,953],"class_list":{"0":"post-9699","1":"post","2":"type-post","3":"status-publish","4":"format-standard","5":"has-post-thumbnail","7":"category-comunicati-stampa","8":"tag-paesaggio","9":"tag-piano-paesaggistico","10":"czr-hentry"},"jetpack_featured_media_url":"https:\/\/www.gruppopdregionetoscana.it\/web\/wp-content\/uploads\/2013\/11\/chianti-paesaggio.jpeg","jetpack_sharing_enabled":true,"_links":{"self":[{"href":"https:\/\/www.gruppopdregionetoscana.it\/web\/wp-json\/wp\/v2\/posts\/9699","targetHints":{"allow":["GET"]}}],"collection":[{"href":"https:\/\/www.gruppopdregionetoscana.it\/web\/wp-json\/wp\/v2\/posts"}],"about":[{"href":"https:\/\/www.gruppopdregionetoscana.it\/web\/wp-json\/wp\/v2\/types\/post"}],"author":[{"embeddable":true,"href":"https:\/\/www.gruppopdregionetoscana.it\/web\/wp-json\/wp\/v2\/users\/1"}],"replies":[{"embeddable":true,"href":"https:\/\/www.gruppopdregionetoscana.it\/web\/wp-json\/wp\/v2\/comments?post=9699"}],"version-history":[{"count":0,"href":"https:\/\/www.gruppopdregionetoscana.it\/web\/wp-json\/wp\/v2\/posts\/9699\/revisions"}],"wp:featuredmedia":[{"embeddable":true,"href":"https:\/\/www.gruppopdregionetoscana.it\/web\/wp-json\/wp\/v2\/media\/6843"}],"wp:attachment":[{"href":"https:\/\/www.gruppopdregionetoscana.it\/web\/wp-json\/wp\/v2\/media?parent=9699"}],"wp:term":[{"taxonomy":"category","embeddable":true,"href":"https:\/\/www.gruppopdregionetoscana.it\/web\/wp-json\/wp\/v2\/categories?post=9699"},{"taxonomy":"post_tag","embeddable":true,"href":"https:\/\/www.gruppopdregionetoscana.it\/web\/wp-json\/wp\/v2\/tags?post=9699"}],"curies":[{"name":"wp","href":"https:\/\/api.w.org\/{rel}","templated":true}]}}