{"id":9701,"date":"2015-02-24T14:51:58","date_gmt":"2015-02-24T13:51:58","guid":{"rendered":"http:\/\/www.gruppopdregionetoscana.it\/web\/?p=9701"},"modified":"2015-02-24T14:51:58","modified_gmt":"2015-02-24T13:51:58","slug":"centro-inail-volterra-ferrucci-pd-dalla-regione-impegno-per-potenziamento-struttura","status":"publish","type":"post","link":"https:\/\/www.gruppopdregionetoscana.it\/web\/centro-inail-volterra-ferrucci-pd-dalla-regione-impegno-per-potenziamento-struttura\/","title":{"rendered":"Centro Inail Volterra, Ferrucci (Pd): \u201cDalla Regione impegno per potenziamento della struttura\u201d"},"content":{"rendered":"<p><a href=\"http:\/\/www.gruppopdregionetoscana.it\/web\/wp-content\/uploads\/2014\/10\/tv.jpg\"><img loading=\"lazy\" decoding=\"async\" class=\"alignleft wp-image-9126 size-medium\" src=\"http:\/\/www.gruppopdregionetoscana.it\/web\/wp-content\/uploads\/2014\/10\/tv-300x217.jpg\" alt=\"tv\" width=\"300\" height=\"217\" \/><\/a>\u201cIl Centro Inail di Volterra \u00e8 una struttura sanitaria d\u2019eccellenza che merita di essere valorizzata. Ho sempre condiviso con il territorio questa convinzione e mi sono impegnato personalmente con la Regione per favorire il riconoscimento del suo ruolo strategico. Non solo il riconoscimento c\u2019\u00e8 stato ma la Regione si \u00e8 impegnata a consolidare e potenziare l\u2019attivit\u00e0 del centro. Un obiettivo importante che \u00e8 stato raggiunto per il bene del nostro territorio e della sanit\u00e0 toscana\u201d.<\/p>\n<p>Cos\u00ec <strong>Ivan Ferrucci<\/strong>, capogruppo Pd Regione Toscana, interviene sulla sua pagina Facebook, commentando l\u2019impegno da parte della Regione a valorizzare e consolidare la presenza del Centro Inail di Volterra.<\/p>\n","protected":false},"excerpt":{"rendered":"<p>\u201cIl Centro Inail di Volterra \u00e8 una struttura sanitaria d\u2019eccellenza che merita di essere valorizzata. Ho sempre condiviso con il territorio questa convinzione e mi sono impegnato personalmente con la Regione per favorire il riconoscimento del suo ruolo strategico. Non solo il riconoscimento c\u2019\u00e8 stato ma la Regione si \u00e8 impegnata a consolidare e potenziare [&hellip;]<\/p>\n","protected":false},"author":1,"featured_media":0,"comment_status":"closed","ping_status":"closed","sticky":false,"template":"","format":"standard","meta":{"_jetpack_memberships_contains_paid_content":false,"footnotes":""},"categories":[30],"tags":[],"class_list":{"0":"post-9701","1":"post","2":"type-post","3":"status-publish","4":"format-standard","6":"category-comunicati-stampa","7":"czr-hentry"},"jetpack_featured_media_url":"","jetpack_sharing_enabled":true,"_links":{"self":[{"href":"https:\/\/www.gruppopdregionetoscana.it\/web\/wp-json\/wp\/v2\/posts\/9701","targetHints":{"allow":["GET"]}}],"collection":[{"href":"https:\/\/www.gruppopdregionetoscana.it\/web\/wp-json\/wp\/v2\/posts"}],"about":[{"href":"https:\/\/www.gruppopdregionetoscana.it\/web\/wp-json\/wp\/v2\/types\/post"}],"author":[{"embeddable":true,"href":"https:\/\/www.gruppopdregionetoscana.it\/web\/wp-json\/wp\/v2\/users\/1"}],"replies":[{"embeddable":true,"href":"https:\/\/www.gruppopdregionetoscana.it\/web\/wp-json\/wp\/v2\/comments?post=9701"}],"version-history":[{"count":0,"href":"https:\/\/www.gruppopdregionetoscana.it\/web\/wp-json\/wp\/v2\/posts\/9701\/revisions"}],"wp:attachment":[{"href":"https:\/\/www.gruppopdregionetoscana.it\/web\/wp-json\/wp\/v2\/media?parent=9701"}],"wp:term":[{"taxonomy":"category","embeddable":true,"href":"https:\/\/www.gruppopdregionetoscana.it\/web\/wp-json\/wp\/v2\/categories?post=9701"},{"taxonomy":"post_tag","embeddable":true,"href":"https:\/\/www.gruppopdregionetoscana.it\/web\/wp-json\/wp\/v2\/tags?post=9701"}],"curies":[{"name":"wp","href":"https:\/\/api.w.org\/{rel}","templated":true}]}}