{"id":9705,"date":"2015-02-25T14:21:54","date_gmt":"2015-02-25T13:21:54","guid":{"rendered":"http:\/\/www.gruppopdregionetoscana.it\/web\/?p=9705"},"modified":"2015-02-25T14:21:54","modified_gmt":"2015-02-25T13:21:54","slug":"province-lastri-boretti-pd-ottimo-toscana-fronte-normativa-nazionale-taglia-risorse-genera-caos","status":"publish","type":"post","link":"https:\/\/www.gruppopdregionetoscana.it\/web\/province-lastri-boretti-pd-ottimo-toscana-fronte-normativa-nazionale-taglia-risorse-genera-caos\/","title":{"rendered":"Province, Lastri e Boretti (Pd): \u201cOttimo lavoro della Toscana, a fronte di una normativa nazionale che taglia risorse e genera caos\u201d"},"content":{"rendered":"<p><a href=\"http:\/\/www.gruppopdregionetoscana.it\/web\/wp-content\/uploads\/2015\/02\/lastri-boretti.jpg\"><img loading=\"lazy\" decoding=\"async\" class=\"alignleft size-medium wp-image-9706\" src=\"http:\/\/www.gruppopdregionetoscana.it\/web\/wp-content\/uploads\/2015\/02\/lastri-boretti-300x211.jpg\" alt=\"lastri-boretti\" width=\"300\" height=\"211\" \/><\/a>FIRENZE 25.02.15 &#8211; \u201cLa Toscana si impegna a non lasciare soli i lavoratori delle Province e a garantire la continuit\u00e0 dei servizi: un ottimo lavoro nato per\u00f2 purtroppo dall\u2019esigenza di arginare una situazione emergenziale, causata da normativa nazionali, la Delrio, e soprattutto la successiva legge di stabilit\u00e0, che tagliano risorse in modo indiscriminato e generano un caos amministrativo\u201d.<\/p>\n<p>\u00c8 il commento di <strong>Daniela Lastri<\/strong> e <strong>Vanessa Boretti<\/strong>, consigliere regionali Pd, in merito alla proposta di legge <em>Riordino delle funzioni provinciali e attuazione della legge 7 aprile 2014, n. 56<\/em>, approvata nel corso della seduta odierna del Consiglio regionale.<\/p>\n<p>\u201cUna riforma degli enti locali andava fatta da tempo, ma con un&#8217;idea precisa, non basta solo dire no, n\u00e9 tantomeno semplicemente tagliare risorse. \u2013 spiega <strong>Lastri<\/strong> &#8211; La Toscana fa bene, con questa legge, a difendere un patrimonio di professionalit\u00e0 e funzioni essenziali per la comunit\u00e0. Ma non pu\u00f2 far tutto e non pu\u00f2 farlo soprattutto se non ci sono risorse sufficienti: il rischio \u00e8 il default dell\u2019amministrazione pubblica, di servizi fondamentali per i cittadini. Per fortuna applicando questa legge la situazione sar\u00e0 resa pi\u00f9 chiara e trasparente: mi auguro che il Governo guardi all\u2019esperienza toscana per rivedere le proprie posizioni\u201d.<\/p>\n<p>\u201cLe riforme non sono buone in natura, vanno rese tali e questo purtroppo non accade se a dettarle sono unicamente velocit\u00e0 dei tempi e riduzione dei costi, prerogative legittime ma non sufficienti; \u00e8 quello che si \u00e8 verificato a livello nazionale. \u2013 dice <strong>Boretti<\/strong> &#8211;\u00a0 Questa legge \u00e8 un ottimo punto di partenza per la definizione e sistemazione di compiti e funzioni , la Toscana \u00e8 la prima a aver intrapreso questo percorso, tappando per l\u2019ennesima volta una falla procurata altrove. Evitare la frammentazione, mantenere l\u2019articolazione territoriale e tutelare i lavoratori, anche i precari di ogni genere: queste ritengo siano le priorit\u00e0 per un riordino amministrativo adeguato. Resta il tema delle risorse su cui dobbiamo continuare a impegnarci col Governo\u201d.<\/p>\n","protected":false},"excerpt":{"rendered":"<p>FIRENZE 25.02.15 &#8211; \u201cLa Toscana si impegna a non lasciare soli i lavoratori delle Province e a garantire la continuit\u00e0 dei servizi: un ottimo lavoro nato per\u00f2 purtroppo dall\u2019esigenza di arginare una situazione emergenziale, causata da normativa nazionali, la Delrio, e soprattutto la successiva legge di stabilit\u00e0, che tagliano risorse in modo indiscriminato e generano [&hellip;]<\/p>\n","protected":false},"author":1,"featured_media":0,"comment_status":"closed","ping_status":"closed","sticky":false,"template":"","format":"standard","meta":{"_jetpack_memberships_contains_paid_content":false,"footnotes":""},"categories":[30],"tags":[299],"class_list":{"0":"post-9705","1":"post","2":"type-post","3":"status-publish","4":"format-standard","6":"category-comunicati-stampa","7":"tag-province","8":"czr-hentry"},"jetpack_featured_media_url":"","jetpack_sharing_enabled":true,"_links":{"self":[{"href":"https:\/\/www.gruppopdregionetoscana.it\/web\/wp-json\/wp\/v2\/posts\/9705","targetHints":{"allow":["GET"]}}],"collection":[{"href":"https:\/\/www.gruppopdregionetoscana.it\/web\/wp-json\/wp\/v2\/posts"}],"about":[{"href":"https:\/\/www.gruppopdregionetoscana.it\/web\/wp-json\/wp\/v2\/types\/post"}],"author":[{"embeddable":true,"href":"https:\/\/www.gruppopdregionetoscana.it\/web\/wp-json\/wp\/v2\/users\/1"}],"replies":[{"embeddable":true,"href":"https:\/\/www.gruppopdregionetoscana.it\/web\/wp-json\/wp\/v2\/comments?post=9705"}],"version-history":[{"count":0,"href":"https:\/\/www.gruppopdregionetoscana.it\/web\/wp-json\/wp\/v2\/posts\/9705\/revisions"}],"wp:attachment":[{"href":"https:\/\/www.gruppopdregionetoscana.it\/web\/wp-json\/wp\/v2\/media?parent=9705"}],"wp:term":[{"taxonomy":"category","embeddable":true,"href":"https:\/\/www.gruppopdregionetoscana.it\/web\/wp-json\/wp\/v2\/categories?post=9705"},{"taxonomy":"post_tag","embeddable":true,"href":"https:\/\/www.gruppopdregionetoscana.it\/web\/wp-json\/wp\/v2\/tags?post=9705"}],"curies":[{"name":"wp","href":"https:\/\/api.w.org\/{rel}","templated":true}]}}