{"id":9708,"date":"2015-02-25T14:25:53","date_gmt":"2015-02-25T13:25:53","guid":{"rendered":"http:\/\/www.gruppopdregionetoscana.it\/web\/?p=9708"},"modified":"2015-02-25T14:25:53","modified_gmt":"2015-02-25T13:25:53","slug":"province-ivan-ferrucci-toscana-allavanguardia-riordino-delle-funzioni","status":"publish","type":"post","link":"https:\/\/www.gruppopdregionetoscana.it\/web\/province-ivan-ferrucci-toscana-allavanguardia-riordino-delle-funzioni\/","title":{"rendered":"Province, Ivan Ferrucci: \u201cToscana all\u2019avanguardia sul riordino delle funzioni\u201d"},"content":{"rendered":"<p><strong><a href=\"http:\/\/www.gruppopdregionetoscana.it\/web\/wp-content\/uploads\/2015\/02\/fb.jpg\"><img loading=\"lazy\" decoding=\"async\" class=\"alignleft wp-image-9709 size-thumbnail\" src=\"http:\/\/www.gruppopdregionetoscana.it\/web\/wp-content\/uploads\/2015\/02\/fb-150x150.jpg\" alt=\"fb\" width=\"150\" height=\"150\" \/><\/a>FIRENZE 25.02.2015 &#8211; <\/strong>\u201cAncora una volta all\u2019avanguardia, siamo i primi a lavorare su un riordino istituzionale che garantisce i servizi e tutela i lavoratori\u201d. Cos\u00ec <strong>Ivan Ferrucci<\/strong>, capogruppo Pd Regione Toscana, intervenendo nell\u2019ambito della discussione sulla proposta di legge <em>Riordino delle funzioni provinciali e attuazione della legge 7 aprile 2014, n. 56<\/em>, approvata nel corso della seduta odierna del Consiglio regionale. \u201cLa Toscana si \u00e8 caratterizzata in questi 25 anni per promuovere politiche innovative di decentramento. \u2013 prosegue &#8211; Le altre regioni a fronte del mutato quadro normativo nazionale, purtroppo poco chiaro, hanno deciso di non decidere, noi, nel solco della nostra tradizione, abbiamo lavorato per riorganizzare al meglio enti e funzioni, confrontandoci con tutti gli attori coinvolti e soprattutto con i lavoratori, che, siamo fortementi convinti, non devono diventare le vittime di quest\u2019operazione. Questa legge (insieme alla legge 68\/2011) \u00e8 un passaggio importante per un riordino complessivo delle funzioni, dell\u2019ordinamento istituzionale, della pubblica amministrazione; definisce un quadro preciso sul lavoro da affrontare nei prossimi mesi. Un lavoro che comunque abbiamo intrapreso da subito, con risultati concreti come l\u2019intesa tra Regione Toscana, Anci e sindacati, che ha rappresentato una risposta positiva alle preoccupazioni del personale e anche un segno chiaro della volont\u00e0 di conciliare riordino, sburocratizzazione e difesa delle professionalit\u00e0. Questa legge esprime al meglio questa volont\u00e0, \u00e8 un passo in avanti verso una pubblica amministrazione sempre pi\u00f9 efficiente; la Toscana c\u2019\u00e8, auspichiamo che su questo fronte da parte dello Stato ci sia un impegno finanziario adeguato per garantire un riordino realmente funzionale e capace in prospettiva di migliorare i servizi e le prestazioni ai cittadini\u201d.<\/p>\n<p>&nbsp;<\/p>\n","protected":false},"excerpt":{"rendered":"<p>FIRENZE 25.02.2015 &#8211; \u201cAncora una volta all\u2019avanguardia, siamo i primi a lavorare su un riordino istituzionale che garantisce i servizi e tutela i lavoratori\u201d. Cos\u00ec Ivan Ferrucci, capogruppo Pd Regione Toscana, intervenendo nell\u2019ambito della discussione sulla proposta di legge Riordino delle funzioni provinciali e attuazione della legge 7 aprile 2014, n. 56, approvata nel corso [&hellip;]<\/p>\n","protected":false},"author":1,"featured_media":0,"comment_status":"closed","ping_status":"closed","sticky":false,"template":"","format":"standard","meta":{"_jetpack_memberships_contains_paid_content":false,"footnotes":""},"categories":[30],"tags":[299],"class_list":{"0":"post-9708","1":"post","2":"type-post","3":"status-publish","4":"format-standard","6":"category-comunicati-stampa","7":"tag-province","8":"czr-hentry"},"jetpack_featured_media_url":"","jetpack_sharing_enabled":true,"_links":{"self":[{"href":"https:\/\/www.gruppopdregionetoscana.it\/web\/wp-json\/wp\/v2\/posts\/9708","targetHints":{"allow":["GET"]}}],"collection":[{"href":"https:\/\/www.gruppopdregionetoscana.it\/web\/wp-json\/wp\/v2\/posts"}],"about":[{"href":"https:\/\/www.gruppopdregionetoscana.it\/web\/wp-json\/wp\/v2\/types\/post"}],"author":[{"embeddable":true,"href":"https:\/\/www.gruppopdregionetoscana.it\/web\/wp-json\/wp\/v2\/users\/1"}],"replies":[{"embeddable":true,"href":"https:\/\/www.gruppopdregionetoscana.it\/web\/wp-json\/wp\/v2\/comments?post=9708"}],"version-history":[{"count":0,"href":"https:\/\/www.gruppopdregionetoscana.it\/web\/wp-json\/wp\/v2\/posts\/9708\/revisions"}],"wp:attachment":[{"href":"https:\/\/www.gruppopdregionetoscana.it\/web\/wp-json\/wp\/v2\/media?parent=9708"}],"wp:term":[{"taxonomy":"category","embeddable":true,"href":"https:\/\/www.gruppopdregionetoscana.it\/web\/wp-json\/wp\/v2\/categories?post=9708"},{"taxonomy":"post_tag","embeddable":true,"href":"https:\/\/www.gruppopdregionetoscana.it\/web\/wp-json\/wp\/v2\/tags?post=9708"}],"curies":[{"name":"wp","href":"https:\/\/api.w.org\/{rel}","templated":true}]}}