{"id":9760,"date":"2015-03-03T16:09:58","date_gmt":"2015-03-03T15:09:58","guid":{"rendered":"http:\/\/www.gruppopdregionetoscana.it\/web\/?p=9760"},"modified":"2015-03-03T16:09:58","modified_gmt":"2015-03-03T15:09:58","slug":"pistoia-servizio-aferesi-terapeutica-caso-arriva-in-regione","status":"publish","type":"post","link":"https:\/\/www.gruppopdregionetoscana.it\/web\/pistoia-servizio-aferesi-terapeutica-caso-arriva-in-regione\/","title":{"rendered":"Pistoia, Servizio di Aferesi terapeutica, Il caso arriva in Regione"},"content":{"rendered":"<h3><strong>Gianfranco Venturi ha presentato un\u2019interrogazione<\/strong><\/h3>\n<p>&nbsp;<\/p>\n<p><a href=\"http:\/\/www.gruppopdregionetoscana.it\/web\/wp-content\/uploads\/2013\/09\/venturi2.jpg\"><img loading=\"lazy\" decoding=\"async\" class=\"alignleft size-full wp-image-5506\" src=\"http:\/\/www.gruppopdregionetoscana.it\/web\/wp-content\/uploads\/2013\/09\/venturi2.jpg\" alt=\"venturi2\" width=\"298\" height=\"225\" \/><\/a>Firenze 03.03.2015 (c.b.) Le lamentele dell\u2019associazione \u201cAferonauti\u201d, che riunisce i pazienti che usufruiscono del servizio di aferesi terapeutica all\u2019ospedale di Pistoia, riportate recentemente da alcuni organi di stampa, diventano oggetto di un\u2019interrogazione in Regione.<\/p>\n<p>Gianfranco Venturi, consigliere Pd, ha infatti chiesto alla giunta regionale \u201cse sia a conoscenza delle criticit\u00e0 lamentate dall\u2019associazione \u201cAferonauti\u201d e se quanto segnalato connoti l\u2019attuale espletamento del servizio di aferesi terapeutica presso l\u2019ospedale di Pisotia\u201d e \u201cse intenda, in virt\u00f9 dell\u2019incremento esponenziale dei trattamenti effettuati e dell\u2019elevato livello delle prestazioni raggiunto, potenziare la struttura di Immunoematologia, quale punto di eccellenza su scala regionale in materia di aferesi terapeutica\u201d.<\/p>\n<p>Nell\u2019interrogazione, Venturi ricorda che \u201cl\u2019aferesi terapeutica rappresenta una tecnica di depurazione extracorporea del sangue la cui procedura viene eseguita in pochissimi ospedali e con apparecchiature molto sofisticate, in grado di rimuovere uno o pi\u00f9 componenti del sangue coinvolti nel determinare specifiche malattie\u201d.<\/p>\n<p>A Pistoia \u201cnegli ultimi quindici anni \u2013 scrive ancora Venturi \u2013 i trattamenti aferetici sono passati da 34 ad oltre 450, al punto che il centro risulta essere secondo solo al CNR di Pisa\u201d.<\/p>\n<p>Quindi, il consigliere riferisce delle \u201clegittime preoccupazioni di alcuni pazienti riuniti nell\u2019associazione Aferonauti riguardo: la dilazione dei tempi di attesa tra una terapia e l\u2019altra; la necessit\u00e0 di dovere transitare dal CUP per la prenotazione della seduta successiva, a differenza di quanto avviene per i dializzati; le mancate rassicurazioni da parte dei vertici aziendali in merito alla ventilata ipotesi di chiusura del servizio di aferesi\u201d.<\/p>\n<p>\u00abMi aspetto dall\u2019assessore regionale alla sanit\u00e0 \u2013 commenta infine Venturi \u2013 la consueta sensibilit\u00e0 e velocit\u00e0 nel dare risposte a questi quesiti cos\u00ec importanti per tanti pazienti\u00bb.<\/p>\n","protected":false},"excerpt":{"rendered":"<p>Gianfranco Venturi ha presentato un\u2019interrogazione &nbsp; Firenze 03.03.2015 (c.b.) Le lamentele dell\u2019associazione \u201cAferonauti\u201d, che riunisce i pazienti che usufruiscono del servizio di aferesi terapeutica all\u2019ospedale di Pistoia, riportate recentemente da alcuni organi di stampa, diventano oggetto di un\u2019interrogazione in Regione. Gianfranco Venturi, consigliere Pd, ha infatti chiesto alla giunta regionale \u201cse sia a conoscenza delle [&hellip;]<\/p>\n","protected":false},"author":1,"featured_media":9761,"comment_status":"closed","ping_status":"closed","sticky":false,"template":"","format":"standard","meta":{"_jetpack_memberships_contains_paid_content":false,"footnotes":""},"categories":[30],"tags":[101],"class_list":{"0":"post-9760","1":"post","2":"type-post","3":"status-publish","4":"format-standard","5":"has-post-thumbnail","7":"category-comunicati-stampa","8":"tag-sanita","9":"czr-hentry"},"jetpack_featured_media_url":"https:\/\/www.gruppopdregionetoscana.it\/web\/wp-content\/uploads\/2015\/03\/aferesi.jpg","jetpack_sharing_enabled":true,"_links":{"self":[{"href":"https:\/\/www.gruppopdregionetoscana.it\/web\/wp-json\/wp\/v2\/posts\/9760","targetHints":{"allow":["GET"]}}],"collection":[{"href":"https:\/\/www.gruppopdregionetoscana.it\/web\/wp-json\/wp\/v2\/posts"}],"about":[{"href":"https:\/\/www.gruppopdregionetoscana.it\/web\/wp-json\/wp\/v2\/types\/post"}],"author":[{"embeddable":true,"href":"https:\/\/www.gruppopdregionetoscana.it\/web\/wp-json\/wp\/v2\/users\/1"}],"replies":[{"embeddable":true,"href":"https:\/\/www.gruppopdregionetoscana.it\/web\/wp-json\/wp\/v2\/comments?post=9760"}],"version-history":[{"count":0,"href":"https:\/\/www.gruppopdregionetoscana.it\/web\/wp-json\/wp\/v2\/posts\/9760\/revisions"}],"wp:featuredmedia":[{"embeddable":true,"href":"https:\/\/www.gruppopdregionetoscana.it\/web\/wp-json\/wp\/v2\/media\/9761"}],"wp:attachment":[{"href":"https:\/\/www.gruppopdregionetoscana.it\/web\/wp-json\/wp\/v2\/media?parent=9760"}],"wp:term":[{"taxonomy":"category","embeddable":true,"href":"https:\/\/www.gruppopdregionetoscana.it\/web\/wp-json\/wp\/v2\/categories?post=9760"},{"taxonomy":"post_tag","embeddable":true,"href":"https:\/\/www.gruppopdregionetoscana.it\/web\/wp-json\/wp\/v2\/tags?post=9760"}],"curies":[{"name":"wp","href":"https:\/\/api.w.org\/{rel}","templated":true}]}}