{"id":9763,"date":"2015-03-03T16:40:56","date_gmt":"2015-03-03T15:40:56","guid":{"rendered":"http:\/\/www.gruppopdregionetoscana.it\/web\/?p=9763"},"modified":"2015-03-03T16:40:56","modified_gmt":"2015-03-03T15:40:56","slug":"opg-montelupo-fiorentino-brogi-pd-bene-governo-chiusura-regione-faccia-sua-parte","status":"publish","type":"post","link":"https:\/\/www.gruppopdregionetoscana.it\/web\/opg-montelupo-fiorentino-brogi-pd-bene-governo-chiusura-regione-faccia-sua-parte\/","title":{"rendered":"Opg Montelupo Fiorentino,  Brogi (Pd): \u201cBene il Governo sulla chiusura, anche la Regione faccia la sua parte\u201d"},"content":{"rendered":"<p><a href=\"http:\/\/www.gruppopdregionetoscana.it\/web\/wp-content\/uploads\/2014\/04\/opg_montelupo.jpg\"><img loading=\"lazy\" decoding=\"async\" class=\"alignleft size-medium wp-image-8054\" src=\"http:\/\/www.gruppopdregionetoscana.it\/web\/wp-content\/uploads\/2014\/04\/opg_montelupo-300x179.jpg\" alt=\"opg_montelupo\" width=\"300\" height=\"179\" srcset=\"https:\/\/www.gruppopdregionetoscana.it\/web\/wp-content\/uploads\/2014\/04\/opg_montelupo-300x179.jpg 300w, https:\/\/www.gruppopdregionetoscana.it\/web\/wp-content\/uploads\/2014\/04\/opg_montelupo.jpg 400w\" sizes=\"auto, (max-width: 300px) 100vw, 300px\" \/><\/a>\u201cQuanto \u00e8 successo oggi all\u2019Ospedale Psichiatrico Giudiziario di Montelupo Fiorentino \u00e8 l\u2019ennesima conferma che tali strutture non sono adeguate n\u00e9 alla cura n\u00e9 alla detenzione, e che \u00e8 quanto mai urgente una soluzione definitiva. Quella che Donzelli definisce infatti una scelta sbagliata, o peggio ancora un capriccio del Governo, ovvero il definitivo superamento degli Ospedali Pschiatrici Giudiziari, tra cui quello di Montelupo Fiorentino, \u00e8 in realt\u00e0 una prerogativa stabilita per legge. Una legge approvata ben tre anni fa, che prevedeva il termine del 1 febbraio 2013, poi prorogato al 31 marzo 2014 e poi ancora al 2015. Voglio ricordare che quella che \u00e8 stata prorogata \u00e8 una situazione inaccettabile e vergognosa: oltre mille persone, detenuti malati psichici, costretti a vivere reclusi in luoghi senza pena e senza cura, in strutture che il Presidente delle Repubblica ebbe a definire come estremo orrore inconcepibile in qualsiasi Paese appena civile. Bene quindi che il Governo rispetti la scadenza, e si impegni per portare finalmente a concepimento un fatto di civilt\u00e0&#8221;.<\/p>\n<p>&nbsp;<\/p>\n<p>&#8220;Le Regioni coinvolte nel processo, come la Toscana, sono state chiamate a fare la loro parte e dovranno prendere carico dei detenuti tramite i servizi territoriali e in apposite residenze. Per quanto ci riguarda, anche per colpa di una mancata collaborazione tra tutti i livelli istituzionali coinvolti, si sommano due disinteressi: quello verso i detenuti e quello verso i malati psichici. Ecco, rispetto al collega Donzelli che a trent&#8217;anni dall&#8217;approvazione della legge Basaglia ancora vorrebbe i manicomi e lancia allarmi sui potenziali criminali a piede libero, quello che ci deve preoccupare maggiormente \u00e8 che la Toscana riesca in un progetto che tuteli soprattutto la dignit\u00e0 e la salute delle persone attualmente recluse a Montelupo. Fatto questo, riconsegnare alla collettivit\u00e0 la Villa Medicea dell&#8217;Ambrogiana, un immobile di pregio e di grande valore storico e architettonico, sar\u00e0 un ulteriore risultato, il mantenimento di impegni presi da tempo con le amministrazioni locali e la cittadinanza\u201d.<\/p>\n<p>&nbsp;<\/p>\n<p>Cos\u00ec <strong>Enzo Brogi consigliere regionale del Partito Democratico<\/strong> replica a Giovanni Donzelli capogruppo Fdi in consiglio regionale e interviene riguardo alla chiusura dell\u2019Ospedale Psichiatrico Giudiziario di Montelupo Fiorentino.<\/p>\n<p>&nbsp;<\/p>\n","protected":false},"excerpt":{"rendered":"<p>\u201cQuanto \u00e8 successo oggi all\u2019Ospedale Psichiatrico Giudiziario di Montelupo Fiorentino \u00e8 l\u2019ennesima conferma che tali strutture non sono adeguate n\u00e9 alla cura n\u00e9 alla detenzione, e che \u00e8 quanto mai urgente una soluzione definitiva. Quella che Donzelli definisce infatti una scelta sbagliata, o peggio ancora un capriccio del Governo, ovvero il definitivo superamento degli Ospedali [&hellip;]<\/p>\n","protected":false},"author":1,"featured_media":8054,"comment_status":"closed","ping_status":"closed","sticky":false,"template":"","format":"standard","meta":{"_jetpack_memberships_contains_paid_content":false,"footnotes":""},"categories":[30],"tags":[],"class_list":{"0":"post-9763","1":"post","2":"type-post","3":"status-publish","4":"format-standard","5":"has-post-thumbnail","7":"category-comunicati-stampa","8":"czr-hentry"},"jetpack_featured_media_url":"https:\/\/www.gruppopdregionetoscana.it\/web\/wp-content\/uploads\/2014\/04\/opg_montelupo.jpg","jetpack_sharing_enabled":true,"_links":{"self":[{"href":"https:\/\/www.gruppopdregionetoscana.it\/web\/wp-json\/wp\/v2\/posts\/9763","targetHints":{"allow":["GET"]}}],"collection":[{"href":"https:\/\/www.gruppopdregionetoscana.it\/web\/wp-json\/wp\/v2\/posts"}],"about":[{"href":"https:\/\/www.gruppopdregionetoscana.it\/web\/wp-json\/wp\/v2\/types\/post"}],"author":[{"embeddable":true,"href":"https:\/\/www.gruppopdregionetoscana.it\/web\/wp-json\/wp\/v2\/users\/1"}],"replies":[{"embeddable":true,"href":"https:\/\/www.gruppopdregionetoscana.it\/web\/wp-json\/wp\/v2\/comments?post=9763"}],"version-history":[{"count":0,"href":"https:\/\/www.gruppopdregionetoscana.it\/web\/wp-json\/wp\/v2\/posts\/9763\/revisions"}],"wp:featuredmedia":[{"embeddable":true,"href":"https:\/\/www.gruppopdregionetoscana.it\/web\/wp-json\/wp\/v2\/media\/8054"}],"wp:attachment":[{"href":"https:\/\/www.gruppopdregionetoscana.it\/web\/wp-json\/wp\/v2\/media?parent=9763"}],"wp:term":[{"taxonomy":"category","embeddable":true,"href":"https:\/\/www.gruppopdregionetoscana.it\/web\/wp-json\/wp\/v2\/categories?post=9763"},{"taxonomy":"post_tag","embeddable":true,"href":"https:\/\/www.gruppopdregionetoscana.it\/web\/wp-json\/wp\/v2\/tags?post=9763"}],"curies":[{"name":"wp","href":"https:\/\/api.w.org\/{rel}","templated":true}]}}