{"id":9765,"date":"2015-03-04T18:16:35","date_gmt":"2015-03-04T17:16:35","guid":{"rendered":"http:\/\/www.gruppopdregionetoscana.it\/web\/?p=9765"},"modified":"2015-03-04T18:16:35","modified_gmt":"2015-03-04T17:16:35","slug":"reindustrializzazione-massa-carrara-aree-crisi-rossetti-pd-buona-notizia-per-i-nostri-territori-dalla-regione-massimo-impegno-per-rilancio-economico","status":"publish","type":"post","link":"https:\/\/www.gruppopdregionetoscana.it\/web\/reindustrializzazione-massa-carrara-aree-crisi-rossetti-pd-buona-notizia-per-i-nostri-territori-dalla-regione-massimo-impegno-per-rilancio-economico\/","title":{"rendered":"Reindustrializzazione, anche Massa Carrara tra le aree di crisi  Rossetti (Pd): \u201cBuona notizia per i nostri territori. Dalla Regione massimo impegno per rilancio economico\u201d"},"content":{"rendered":"<p><a href=\"http:\/\/www.gruppopdregionetoscana.it\/web\/wp-content\/uploads\/2015\/01\/rossetti_loris.jpg\"><img loading=\"lazy\" decoding=\"async\" class=\"alignleft size-medium wp-image-9544\" src=\"http:\/\/www.gruppopdregionetoscana.it\/web\/wp-content\/uploads\/2015\/01\/rossetti_loris-300x249.jpg\" alt=\"rossetti_loris\" width=\"300\" height=\"249\" \/><\/a>\u201cReindustrializzazione e riqualificazione sono due aspetti fondamentali per rilanciare l\u2019economia dei nostri territori. Pertanto, credo che quanto deliberato oggi dalla giunta regionale, ovvero l\u2019inserimento di Massa Carrara, con i comuni compresi nella provincia, tra le aree di crisi della regione, sia un passaggio assolutamente necessario per far ripartire l\u2019economia e far tornare finalmente a crescere i livelli occupazionali. Purtroppo, in questi anni i nostri Comuni hanno dovuto affrontare momenti davvero difficili: siamo stati duramente colpiti sia dalla crisi economica, basti pensare a vicende lunghe e complesse come quella della ex Eaton di Massa, sia da eventi atmosferici particolarmente avversi che hanno pesantemente danneggiato le\u00a0aziende locali. La Regione Toscana, mettendo in piedi provvedimenti <em>ad hoc<\/em>, si \u00e8 sempre dimostrata tempestiva nel sostenere le imprese e le famiglie in difficolt\u00e0. Ancora una volta ne abbiamo una prova concreta: la delibera della giunta di oggi ci offre la possibilit\u00e0 di percorrere una corsia preferenziale, a seconda degli interventi che saranno messi in programma, nel percorso che punta allo sviluppo economico e occupazionale&#8221;.<\/p>\n<p>&nbsp;<\/p>\n<p>Cos\u00ec <strong>Loris Rossetti consigliere regionale Pd,<\/strong> commenta la decisione della giunta regionale di inserire anche la provincia di Massa Carrara tra le aree di crisi del territorio toscano, interessate da piani di reindustrializzazione.<\/p>\n","protected":false},"excerpt":{"rendered":"<p>\u201cReindustrializzazione e riqualificazione sono due aspetti fondamentali per rilanciare l\u2019economia dei nostri territori. Pertanto, credo che quanto deliberato oggi dalla giunta regionale, ovvero l\u2019inserimento di Massa Carrara, con i comuni compresi nella provincia, tra le aree di crisi della regione, sia un passaggio assolutamente necessario per far ripartire l\u2019economia e far tornare finalmente a crescere [&hellip;]<\/p>\n","protected":false},"author":1,"featured_media":0,"comment_status":"closed","ping_status":"closed","sticky":false,"template":"","format":"standard","meta":{"_jetpack_memberships_contains_paid_content":false,"footnotes":""},"categories":[30],"tags":[],"class_list":{"0":"post-9765","1":"post","2":"type-post","3":"status-publish","4":"format-standard","6":"category-comunicati-stampa","7":"czr-hentry"},"jetpack_featured_media_url":"","jetpack_sharing_enabled":true,"_links":{"self":[{"href":"https:\/\/www.gruppopdregionetoscana.it\/web\/wp-json\/wp\/v2\/posts\/9765","targetHints":{"allow":["GET"]}}],"collection":[{"href":"https:\/\/www.gruppopdregionetoscana.it\/web\/wp-json\/wp\/v2\/posts"}],"about":[{"href":"https:\/\/www.gruppopdregionetoscana.it\/web\/wp-json\/wp\/v2\/types\/post"}],"author":[{"embeddable":true,"href":"https:\/\/www.gruppopdregionetoscana.it\/web\/wp-json\/wp\/v2\/users\/1"}],"replies":[{"embeddable":true,"href":"https:\/\/www.gruppopdregionetoscana.it\/web\/wp-json\/wp\/v2\/comments?post=9765"}],"version-history":[{"count":0,"href":"https:\/\/www.gruppopdregionetoscana.it\/web\/wp-json\/wp\/v2\/posts\/9765\/revisions"}],"wp:attachment":[{"href":"https:\/\/www.gruppopdregionetoscana.it\/web\/wp-json\/wp\/v2\/media?parent=9765"}],"wp:term":[{"taxonomy":"category","embeddable":true,"href":"https:\/\/www.gruppopdregionetoscana.it\/web\/wp-json\/wp\/v2\/categories?post=9765"},{"taxonomy":"post_tag","embeddable":true,"href":"https:\/\/www.gruppopdregionetoscana.it\/web\/wp-json\/wp\/v2\/tags?post=9765"}],"curies":[{"name":"wp","href":"https:\/\/api.w.org\/{rel}","templated":true}]}}