{"id":9788,"date":"2015-03-10T18:06:03","date_gmt":"2015-03-10T17:06:03","guid":{"rendered":"http:\/\/www.gruppopdregionetoscana.it\/web\/?p=9788"},"modified":"2015-03-10T18:06:03","modified_gmt":"2015-03-10T17:06:03","slug":"esaote-boretti-pd-vicina-lavoratori-regione-si-adoperi-per-riaprire-tavolo-nazionale","status":"publish","type":"post","link":"https:\/\/www.gruppopdregionetoscana.it\/web\/esaote-boretti-pd-vicina-lavoratori-regione-si-adoperi-per-riaprire-tavolo-nazionale\/","title":{"rendered":"Esaote,  Boretti (Pd): \u201cVicina ai lavoratori. La Regione si adoperi per riaprire il tavolo nazionale\u201d"},"content":{"rendered":"<p><a href=\"http:\/\/www.gruppopdregionetoscana.it\/web\/wp-content\/uploads\/2014\/07\/Esaote.jpg\"><img loading=\"lazy\" decoding=\"async\" class=\"alignleft size-medium wp-image-8781\" src=\"http:\/\/www.gruppopdregionetoscana.it\/web\/wp-content\/uploads\/2014\/07\/Esaote-300x160.jpg\" alt=\"Esaote\" width=\"300\" height=\"160\" srcset=\"https:\/\/www.gruppopdregionetoscana.it\/web\/wp-content\/uploads\/2014\/07\/Esaote-300x160.jpg 300w, https:\/\/www.gruppopdregionetoscana.it\/web\/wp-content\/uploads\/2014\/07\/Esaote.jpg 800w\" sizes=\"auto, (max-width: 300px) 100vw, 300px\" \/><\/a>\u201cCredo sia del tutto legittima la preoccupazione dei lavoratori dello stabilimento fiorentino di Esaote. Si tratta di una preoccupazione dovuta all\u2019annullamento dell\u2019incontro al Mise, ai mancati investimenti per il reparto sonde, per la realizzazione del polo logistico e del centro di formazione. Misure fondamentali per il futuro del sito toscano. Ricordo bene che poche settimane fa avevo commentato positivamente la riapertura del tavolo nazionale, ma ad oggi, anch\u2019io come i lavoratori, non posso che esprimere apprensione e amarezza per le mancate risposte. Oggi pi\u00f9 che mai \u00e8 necessario riaprire il tavolo nazionale con tutti i soggetti coinvolti. Sono convinta che la Regione Toscana, cos\u00ec come ha sempre dimostrato nelle tante vertenze, si adoperer\u00e0 in questa direzione. Lo stabilimento di Esaote rappresenta un patrimonio per il nostro territoro, sia per il tipo di professionalit\u00e0 che vi sono impiegate che per la ricerca portata avanti. Una realt\u00e0 sulla quale \u00e8 urgente trovare una soluzione, mettendo in piedi tutte le misure possibili\u201d.<\/p>\n<p>&nbsp;<\/p>\n<p>E\u2019 quanto dichiara <strong>Vanessa Boretti consigliere regionale Pd e segretario della commissione emergenza occupazionale, <\/strong>in merito alla situazione dello stabilimento fiorentino di Esaote.<\/p>\n<p>&nbsp;<\/p>\n","protected":false},"excerpt":{"rendered":"<p>\u201cCredo sia del tutto legittima la preoccupazione dei lavoratori dello stabilimento fiorentino di Esaote. Si tratta di una preoccupazione dovuta all\u2019annullamento dell\u2019incontro al Mise, ai mancati investimenti per il reparto sonde, per la realizzazione del polo logistico e del centro di formazione. Misure fondamentali per il futuro del sito toscano. Ricordo bene che poche settimane [&hellip;]<\/p>\n","protected":false},"author":1,"featured_media":9620,"comment_status":"closed","ping_status":"closed","sticky":false,"template":"","format":"standard","meta":{"_jetpack_memberships_contains_paid_content":false,"footnotes":""},"categories":[30],"tags":[],"class_list":{"0":"post-9788","1":"post","2":"type-post","3":"status-publish","4":"format-standard","5":"has-post-thumbnail","7":"category-comunicati-stampa","8":"czr-hentry"},"jetpack_featured_media_url":"https:\/\/www.gruppopdregionetoscana.it\/web\/wp-content\/uploads\/2015\/02\/Esaote.jpg","jetpack_sharing_enabled":true,"_links":{"self":[{"href":"https:\/\/www.gruppopdregionetoscana.it\/web\/wp-json\/wp\/v2\/posts\/9788","targetHints":{"allow":["GET"]}}],"collection":[{"href":"https:\/\/www.gruppopdregionetoscana.it\/web\/wp-json\/wp\/v2\/posts"}],"about":[{"href":"https:\/\/www.gruppopdregionetoscana.it\/web\/wp-json\/wp\/v2\/types\/post"}],"author":[{"embeddable":true,"href":"https:\/\/www.gruppopdregionetoscana.it\/web\/wp-json\/wp\/v2\/users\/1"}],"replies":[{"embeddable":true,"href":"https:\/\/www.gruppopdregionetoscana.it\/web\/wp-json\/wp\/v2\/comments?post=9788"}],"version-history":[{"count":0,"href":"https:\/\/www.gruppopdregionetoscana.it\/web\/wp-json\/wp\/v2\/posts\/9788\/revisions"}],"wp:featuredmedia":[{"embeddable":true,"href":"https:\/\/www.gruppopdregionetoscana.it\/web\/wp-json\/wp\/v2\/media\/9620"}],"wp:attachment":[{"href":"https:\/\/www.gruppopdregionetoscana.it\/web\/wp-json\/wp\/v2\/media?parent=9788"}],"wp:term":[{"taxonomy":"category","embeddable":true,"href":"https:\/\/www.gruppopdregionetoscana.it\/web\/wp-json\/wp\/v2\/categories?post=9788"},{"taxonomy":"post_tag","embeddable":true,"href":"https:\/\/www.gruppopdregionetoscana.it\/web\/wp-json\/wp\/v2\/tags?post=9788"}],"curies":[{"name":"wp","href":"https:\/\/api.w.org\/{rel}","templated":true}]}}