{"id":9831,"date":"2015-03-16T17:55:48","date_gmt":"2015-03-16T16:55:48","guid":{"rendered":"http:\/\/www.gruppopdregionetoscana.it\/web\/?p=9831"},"modified":"2015-03-16T17:55:48","modified_gmt":"2015-03-16T16:55:48","slug":"calenzano-inaugurata-residenza-universitaria-margherita-hack-boretti-pd-servizi-strutture-universitari-territori-grande-opportunita-per-gli-studenti-p","status":"publish","type":"post","link":"https:\/\/www.gruppopdregionetoscana.it\/web\/calenzano-inaugurata-residenza-universitaria-margherita-hack-boretti-pd-servizi-strutture-universitari-territori-grande-opportunita-per-gli-studenti-p\/","title":{"rendered":"Calenzano, inaugurata residenza universitaria \u2018Margherita Hack\u2019,  Boretti (Pd): \u201cServizi e strutture universitari nei territori sono una grande opportunit\u00e0 per gli studenti e per le comunit\u00e0\u201d"},"content":{"rendered":"<p><a href=\"http:\/\/www.gruppopdregionetoscana.it\/web\/wp-content\/uploads\/2015\/03\/0.jpg\"><img loading=\"lazy\" decoding=\"async\" class=\"alignleft size-medium wp-image-9832\" src=\"http:\/\/www.gruppopdregionetoscana.it\/web\/wp-content\/uploads\/2015\/03\/0-300x228.jpg\" alt=\"0\" width=\"300\" height=\"228\" \/><\/a>\u201cTraguardo importante per la nostra comunit\u00e0, per le istituzioni locali e regionali, per l\u2019area metropolitana e per la Toscana tutta. Ma soprattutto, mi preme sottolinearlo, \u00e8 un traguardo essenziale perch\u00e9 offre risposte tangibili alle esigenze degli studenti, consente a chi ha maggiori problemi di non rimanere escluso, e rafforza il rapporto tra i servizi erogati nei territori e le strutture universitarie. Sono convinta che questa scelta sia utile a vivacizzare e animare di idee e di opportunit\u00e0 anche i Comuni di medie o piccole dimensioni. Non solo citt\u00e0 Metropolitana quindi, ma Universit\u00e0 Metropolitana, per riprendere un concetto espresso anche questa mattina dal rettore, Alberto Tesi. Voglio ricordare che i 75 posti letto della Residenza Universitaria, inaugurata questa mattina, a due passi dalla Facolt\u00e0 di Disegno Industriale e dalla nuova biblioteca, vanno ad aggiungersi a quelli gi\u00e0 disponibili presso Spazio Reale a Campi Bisenzio e a quelli della residenza che verr\u00e0 aperta a breve a Sesto Fiorentino: un progetto importantissimo e ambizioso della Regione Toscana e dell&#8217;azienda regionale per il diritto allo studio universitario. Infine, trovo molto bello aver scelto il il nome di Margherita Hack per la struttura: grande donna e grande studiosa. Lo hanno deciso proprio gli studenti ed \u00e8 un bel segnale che dimostra rispetto e affetto per una figura di libera pensatrice, che tanto ha dato e lasciato a questo Paese&#8221;.<\/p>\n<p>&nbsp;<\/p>\n<p>Cos\u00ec Vanessa Boretti consigliera regionale del Partito democratico, commenta l\u2019inaugurazione avvenuta questa mattina a Calenzano della residenza universitaria \u2018Margherita Hack\u2019.<\/p>\n","protected":false},"excerpt":{"rendered":"<p>\u201cTraguardo importante per la nostra comunit\u00e0, per le istituzioni locali e regionali, per l\u2019area metropolitana e per la Toscana tutta. Ma soprattutto, mi preme sottolinearlo, \u00e8 un traguardo essenziale perch\u00e9 offre risposte tangibili alle esigenze degli studenti, consente a chi ha maggiori problemi di non rimanere escluso, e rafforza il rapporto tra i servizi erogati [&hellip;]<\/p>\n","protected":false},"author":1,"featured_media":0,"comment_status":"closed","ping_status":"closed","sticky":false,"template":"","format":"standard","meta":{"_jetpack_memberships_contains_paid_content":false,"footnotes":""},"categories":[30],"tags":[],"class_list":{"0":"post-9831","1":"post","2":"type-post","3":"status-publish","4":"format-standard","6":"category-comunicati-stampa","7":"czr-hentry"},"jetpack_featured_media_url":"","jetpack_sharing_enabled":true,"_links":{"self":[{"href":"https:\/\/www.gruppopdregionetoscana.it\/web\/wp-json\/wp\/v2\/posts\/9831","targetHints":{"allow":["GET"]}}],"collection":[{"href":"https:\/\/www.gruppopdregionetoscana.it\/web\/wp-json\/wp\/v2\/posts"}],"about":[{"href":"https:\/\/www.gruppopdregionetoscana.it\/web\/wp-json\/wp\/v2\/types\/post"}],"author":[{"embeddable":true,"href":"https:\/\/www.gruppopdregionetoscana.it\/web\/wp-json\/wp\/v2\/users\/1"}],"replies":[{"embeddable":true,"href":"https:\/\/www.gruppopdregionetoscana.it\/web\/wp-json\/wp\/v2\/comments?post=9831"}],"version-history":[{"count":0,"href":"https:\/\/www.gruppopdregionetoscana.it\/web\/wp-json\/wp\/v2\/posts\/9831\/revisions"}],"wp:attachment":[{"href":"https:\/\/www.gruppopdregionetoscana.it\/web\/wp-json\/wp\/v2\/media?parent=9831"}],"wp:term":[{"taxonomy":"category","embeddable":true,"href":"https:\/\/www.gruppopdregionetoscana.it\/web\/wp-json\/wp\/v2\/categories?post=9831"},{"taxonomy":"post_tag","embeddable":true,"href":"https:\/\/www.gruppopdregionetoscana.it\/web\/wp-json\/wp\/v2\/tags?post=9831"}],"curies":[{"name":"wp","href":"https:\/\/api.w.org\/{rel}","templated":true}]}}