{"id":9834,"date":"2015-03-17T17:32:35","date_gmt":"2015-03-17T16:32:35","guid":{"rendered":"http:\/\/www.gruppopdregionetoscana.it\/web\/?p=9834"},"modified":"2015-03-17T17:32:35","modified_gmt":"2015-03-17T16:32:35","slug":"cantieri-pisa-ferruccipd-daccordo-cgil-revoca-concessioni-base-dasta","status":"publish","type":"post","link":"https:\/\/www.gruppopdregionetoscana.it\/web\/cantieri-pisa-ferruccipd-daccordo-cgil-revoca-concessioni-base-dasta\/","title":{"rendered":"Cantieri di Pisa Ferrucci(PD): \u201cD\u2019accordo con Cgil su revoca concessioni e base d\u2019asta\u201d"},"content":{"rendered":"<p><strong><a href=\"http:\/\/www.gruppopdregionetoscana.it\/web\/wp-content\/uploads\/2015\/03\/cantieri-di-pisa.jpg\"><img loading=\"lazy\" decoding=\"async\" class=\"alignleft size-full wp-image-9835\" src=\"http:\/\/www.gruppopdregionetoscana.it\/web\/wp-content\/uploads\/2015\/03\/cantieri-di-pisa.jpg\" alt=\"cantieri-di-pisa\" width=\"290\" height=\"193\" \/><\/a><\/strong>\u201cSulla vicenda dei Cantieri di Pisa non sono pi\u00f9 ammissibili tentennamenti. C\u2019\u00e8 bisogno di individuare il percorso pi\u00f9 rapido e adeguato perch\u00e9 i lavoratori escano da questa situazione inaccettabile di impasse e i Cantieri riprendano la loro attivit\u00e0. E penso che questo percorso sia stato ben tracciato dalla Cgil Pisa: condivido infatti la loro posizione sia sull\u2019esigenza di revocare le concessioni per riassegnarle a chi fa attivit\u00e0 produttiva sia sul fatto di rivedere la base d\u2019asta, in modo da non allontanare le imprese. Come Regione continueremo a monitorare la situazione, di concerto con le altre istituzioni, consapevoli che su questa annosa vertenza \u00e8 arrivato il momento di scrivere la parola fine, per il bene dei lavoratori e del nostro territorio che non pu\u00f2 permettersi di perdere un\u2019attivit\u00e0 strategica come questa\u201d.<\/p>\n<p>&nbsp;<\/p>\n<p>Cos\u00ec <strong>Ivan Ferrucci<\/strong>, capogruppo Pd Regione Toscana, in merito alla vicenda dei Cantieri di Pisa.<\/p>\n<p>&nbsp;<\/p>\n","protected":false},"excerpt":{"rendered":"<p>\u201cSulla vicenda dei Cantieri di Pisa non sono pi\u00f9 ammissibili tentennamenti. C\u2019\u00e8 bisogno di individuare il percorso pi\u00f9 rapido e adeguato perch\u00e9 i lavoratori escano da questa situazione inaccettabile di impasse e i Cantieri riprendano la loro attivit\u00e0. E penso che questo percorso sia stato ben tracciato dalla Cgil Pisa: condivido infatti la loro posizione [&hellip;]<\/p>\n","protected":false},"author":1,"featured_media":9835,"comment_status":"closed","ping_status":"closed","sticky":false,"template":"","format":"standard","meta":{"_jetpack_memberships_contains_paid_content":false,"footnotes":""},"categories":[30],"tags":[],"class_list":{"0":"post-9834","1":"post","2":"type-post","3":"status-publish","4":"format-standard","5":"has-post-thumbnail","7":"category-comunicati-stampa","8":"czr-hentry"},"jetpack_featured_media_url":"https:\/\/www.gruppopdregionetoscana.it\/web\/wp-content\/uploads\/2015\/03\/cantieri-di-pisa.jpg","jetpack_sharing_enabled":true,"_links":{"self":[{"href":"https:\/\/www.gruppopdregionetoscana.it\/web\/wp-json\/wp\/v2\/posts\/9834","targetHints":{"allow":["GET"]}}],"collection":[{"href":"https:\/\/www.gruppopdregionetoscana.it\/web\/wp-json\/wp\/v2\/posts"}],"about":[{"href":"https:\/\/www.gruppopdregionetoscana.it\/web\/wp-json\/wp\/v2\/types\/post"}],"author":[{"embeddable":true,"href":"https:\/\/www.gruppopdregionetoscana.it\/web\/wp-json\/wp\/v2\/users\/1"}],"replies":[{"embeddable":true,"href":"https:\/\/www.gruppopdregionetoscana.it\/web\/wp-json\/wp\/v2\/comments?post=9834"}],"version-history":[{"count":0,"href":"https:\/\/www.gruppopdregionetoscana.it\/web\/wp-json\/wp\/v2\/posts\/9834\/revisions"}],"wp:featuredmedia":[{"embeddable":true,"href":"https:\/\/www.gruppopdregionetoscana.it\/web\/wp-json\/wp\/v2\/media\/9835"}],"wp:attachment":[{"href":"https:\/\/www.gruppopdregionetoscana.it\/web\/wp-json\/wp\/v2\/media?parent=9834"}],"wp:term":[{"taxonomy":"category","embeddable":true,"href":"https:\/\/www.gruppopdregionetoscana.it\/web\/wp-json\/wp\/v2\/categories?post=9834"},{"taxonomy":"post_tag","embeddable":true,"href":"https:\/\/www.gruppopdregionetoscana.it\/web\/wp-json\/wp\/v2\/tags?post=9834"}],"curies":[{"name":"wp","href":"https:\/\/api.w.org\/{rel}","templated":true}]}}