{"id":9843,"date":"2015-03-19T16:42:54","date_gmt":"2015-03-19T15:42:54","guid":{"rendered":"http:\/\/www.gruppopdregionetoscana.it\/web\/?p=9843"},"modified":"2015-03-19T16:42:54","modified_gmt":"2015-03-19T15:42:54","slug":"zeri-massa-320mila-euro-dalla-regione-per-strade-rossetti-pd-bene-cosi-impegno-mantenuto","status":"publish","type":"post","link":"https:\/\/www.gruppopdregionetoscana.it\/web\/zeri-massa-320mila-euro-dalla-regione-per-strade-rossetti-pd-bene-cosi-impegno-mantenuto\/","title":{"rendered":"Zeri (Massa), 320mila euro dalla Regione per le strade, Rossetti (Pd): \u201cBene cos\u00ec, un altro impegno mantenuto\u201d"},"content":{"rendered":"<p><a href=\"http:\/\/www.gruppopdregionetoscana.it\/web\/wp-content\/uploads\/2013\/10\/loris-rossetti.jpg\"><img loading=\"lazy\" decoding=\"async\" class=\"alignleft wp-image-6646 size-thumbnail\" src=\"http:\/\/www.gruppopdregionetoscana.it\/web\/wp-content\/uploads\/2013\/10\/loris-rossetti-150x150.jpg\" alt=\"loris-rossetti\" width=\"150\" height=\"150\" srcset=\"https:\/\/www.gruppopdregionetoscana.it\/web\/wp-content\/uploads\/2013\/10\/loris-rossetti-150x150.jpg 150w, https:\/\/www.gruppopdregionetoscana.it\/web\/wp-content\/uploads\/2013\/10\/loris-rossetti-300x300.jpg 300w, https:\/\/www.gruppopdregionetoscana.it\/web\/wp-content\/uploads\/2013\/10\/loris-rossetti-66x66.jpg 66w, https:\/\/www.gruppopdregionetoscana.it\/web\/wp-content\/uploads\/2013\/10\/loris-rossetti.jpg 500w\" sizes=\"auto, (max-width: 150px) 100vw, 150px\" \/><\/a>FIRENZE 19.03.2015 (c.b.) \u00abUn\u2019altra buona notizia per il nostro territorio, ancora una dimostrazione dell\u2019impegno e dell\u2019attenzione che la Regione sta evidenziando per i problemi della viabilit\u00e0 e della sicurezza stradale. Un finanziamento importante, che contribuir\u00e0 a risolvere alcune criticit\u00e0 nel comune di Zeri. Ringrazio l\u2019assessore regionale Ceccarelli per aver, ancora una volta, tenuto fede agli impegni presi con gli amministratori locali e con il sottoscritto\u00bb.<\/p>\n<p>Cos\u00ec <strong>Loris Rossetti<\/strong>, consigliere regionale Pd e presidente della II commissione, commenta la notizia della firma dell\u2019accordo tra Regione Toscana e Comune di Zeri che prevede un finanziamento di 320mila euro per migliorare la viabilit\u00e0 e la sicurezza stradale.<\/p>\n","protected":false},"excerpt":{"rendered":"<p>FIRENZE 19.03.2015 (c.b.) \u00abUn\u2019altra buona notizia per il nostro territorio, ancora una dimostrazione dell\u2019impegno e dell\u2019attenzione che la Regione sta evidenziando per i problemi della viabilit\u00e0 e della sicurezza stradale. Un finanziamento importante, che contribuir\u00e0 a risolvere alcune criticit\u00e0 nel comune di Zeri. Ringrazio l\u2019assessore regionale Ceccarelli per aver, ancora una volta, tenuto fede agli [&hellip;]<\/p>\n","protected":false},"author":1,"featured_media":5501,"comment_status":"closed","ping_status":"closed","sticky":false,"template":"","format":"standard","meta":{"_jetpack_memberships_contains_paid_content":false,"footnotes":""},"categories":[30],"tags":[697],"class_list":{"0":"post-9843","1":"post","2":"type-post","3":"status-publish","4":"format-standard","5":"has-post-thumbnail","7":"category-comunicati-stampa","8":"tag-viabilita","9":"czr-hentry"},"jetpack_featured_media_url":"https:\/\/www.gruppopdregionetoscana.it\/web\/wp-content\/uploads\/2013\/09\/rossetti2.jpg","jetpack_sharing_enabled":true,"_links":{"self":[{"href":"https:\/\/www.gruppopdregionetoscana.it\/web\/wp-json\/wp\/v2\/posts\/9843","targetHints":{"allow":["GET"]}}],"collection":[{"href":"https:\/\/www.gruppopdregionetoscana.it\/web\/wp-json\/wp\/v2\/posts"}],"about":[{"href":"https:\/\/www.gruppopdregionetoscana.it\/web\/wp-json\/wp\/v2\/types\/post"}],"author":[{"embeddable":true,"href":"https:\/\/www.gruppopdregionetoscana.it\/web\/wp-json\/wp\/v2\/users\/1"}],"replies":[{"embeddable":true,"href":"https:\/\/www.gruppopdregionetoscana.it\/web\/wp-json\/wp\/v2\/comments?post=9843"}],"version-history":[{"count":0,"href":"https:\/\/www.gruppopdregionetoscana.it\/web\/wp-json\/wp\/v2\/posts\/9843\/revisions"}],"wp:featuredmedia":[{"embeddable":true,"href":"https:\/\/www.gruppopdregionetoscana.it\/web\/wp-json\/wp\/v2\/media\/5501"}],"wp:attachment":[{"href":"https:\/\/www.gruppopdregionetoscana.it\/web\/wp-json\/wp\/v2\/media?parent=9843"}],"wp:term":[{"taxonomy":"category","embeddable":true,"href":"https:\/\/www.gruppopdregionetoscana.it\/web\/wp-json\/wp\/v2\/categories?post=9843"},{"taxonomy":"post_tag","embeddable":true,"href":"https:\/\/www.gruppopdregionetoscana.it\/web\/wp-json\/wp\/v2\/tags?post=9843"}],"curies":[{"name":"wp","href":"https:\/\/api.w.org\/{rel}","templated":true}]}}