{"id":9863,"date":"2015-03-24T18:13:20","date_gmt":"2015-03-24T17:13:20","guid":{"rendered":"http:\/\/www.gruppopdregionetoscana.it\/web\/?p=9863"},"modified":"2015-03-24T18:16:08","modified_gmt":"2015-03-24T17:16:08","slug":"ferrucci-de-robertis-pd-piano-paesaggio","status":"publish","type":"post","link":"https:\/\/www.gruppopdregionetoscana.it\/web\/ferrucci-de-robertis-pd-piano-paesaggio\/","title":{"rendered":"Ferrucci e De Robertis (Pd) sul Piano del Paesaggio"},"content":{"rendered":"<p><a href=\"http:\/\/www.gruppopdregionetoscana.it\/web\/wp-content\/uploads\/2015\/01\/ferrucci-derobertis.jpg\"><img loading=\"lazy\" decoding=\"async\" class=\"alignleft wp-image-9551 size-medium\" src=\"http:\/\/www.gruppopdregionetoscana.it\/web\/wp-content\/uploads\/2015\/01\/ferrucci-derobertis-300x190.jpg\" alt=\"ferrucci-derobertis\" width=\"300\" height=\"190\" \/><\/a>\u00abC\u2019\u00e8 stato un confronto proficuo con il presidente Enrico Rossi sul testo del \u201cPiano del Paesaggio\u201d, cos\u00ec come \u00e8 stato esaminato e discusso nei giorni scorsi con i tecnici del ministero. Tutto ci\u00f2 trova naturale sbocco in un emendamento, che consente la massima condivisione da parte del nostro gruppo allo strumento \u201cPiano del Paesaggio\u201d. E\u2019 stato un lungo lavoro, che ha coinvolto e impegnato tutti, fino al contributo dato dai consiglieri democratici questa mattina. Andremo quindi ad approvare uno strumento che si pone l\u2019obiettivo di regolare le attivit\u00e0 economiche e umane e, nel contempo, di tutelare l\u2019originale bellezza del paesaggio della Toscana\u00bb.<br \/>\nLo dice Ivan Ferrucci, capogruppo Pd in Consiglio regionale, commentando gli esiti della riunione svolta stamani dal gruppo consiliare democratico.<br \/>\n\u00abIl testo finale \u2013 aggiunge Lucia De Robertis, vicecapogruppo Pd e compoenente della commissione ambiente e territorio \u2013 ci permette di realizzare ampiamente l\u2019obiettivo di tutelare insieme ambiente e lavoro\u00bb.<\/p>\n","protected":false},"excerpt":{"rendered":"<p>\u00abC\u2019\u00e8 stato un confronto proficuo con il presidente Enrico Rossi sul testo del \u201cPiano del Paesaggio\u201d, cos\u00ec come \u00e8 stato esaminato e discusso nei giorni scorsi con i tecnici del ministero. Tutto ci\u00f2 trova naturale sbocco in un emendamento, che consente la massima condivisione da parte del nostro gruppo allo strumento \u201cPiano del Paesaggio\u201d. E\u2019 [&hellip;]<\/p>\n","protected":false},"author":1,"featured_media":0,"comment_status":"closed","ping_status":"closed","sticky":false,"template":"","format":"standard","meta":{"_jetpack_memberships_contains_paid_content":false,"footnotes":""},"categories":[30,633],"tags":[],"class_list":{"0":"post-9863","1":"post","2":"type-post","3":"status-publish","4":"format-standard","6":"category-comunicati-stampa","7":"category-notizie-lucia-de-robertis","8":"czr-hentry"},"jetpack_featured_media_url":"","jetpack_sharing_enabled":true,"_links":{"self":[{"href":"https:\/\/www.gruppopdregionetoscana.it\/web\/wp-json\/wp\/v2\/posts\/9863","targetHints":{"allow":["GET"]}}],"collection":[{"href":"https:\/\/www.gruppopdregionetoscana.it\/web\/wp-json\/wp\/v2\/posts"}],"about":[{"href":"https:\/\/www.gruppopdregionetoscana.it\/web\/wp-json\/wp\/v2\/types\/post"}],"author":[{"embeddable":true,"href":"https:\/\/www.gruppopdregionetoscana.it\/web\/wp-json\/wp\/v2\/users\/1"}],"replies":[{"embeddable":true,"href":"https:\/\/www.gruppopdregionetoscana.it\/web\/wp-json\/wp\/v2\/comments?post=9863"}],"version-history":[{"count":0,"href":"https:\/\/www.gruppopdregionetoscana.it\/web\/wp-json\/wp\/v2\/posts\/9863\/revisions"}],"wp:attachment":[{"href":"https:\/\/www.gruppopdregionetoscana.it\/web\/wp-json\/wp\/v2\/media?parent=9863"}],"wp:term":[{"taxonomy":"category","embeddable":true,"href":"https:\/\/www.gruppopdregionetoscana.it\/web\/wp-json\/wp\/v2\/categories?post=9863"},{"taxonomy":"post_tag","embeddable":true,"href":"https:\/\/www.gruppopdregionetoscana.it\/web\/wp-json\/wp\/v2\/tags?post=9863"}],"curies":[{"name":"wp","href":"https:\/\/api.w.org\/{rel}","templated":true}]}}