{"id":9901,"date":"2015-03-27T17:57:08","date_gmt":"2015-03-27T16:57:08","guid":{"rendered":"http:\/\/www.gruppopdregionetoscana.it\/web\/?p=9901"},"modified":"2015-03-27T17:58:27","modified_gmt":"2015-03-27T16:58:27","slug":"piano-paesaggio-ferrucci-pd-diamo-modello-sviluppo-toscana-unica-regione-farlo","status":"publish","type":"post","link":"https:\/\/www.gruppopdregionetoscana.it\/web\/piano-paesaggio-ferrucci-pd-diamo-modello-sviluppo-toscana-unica-regione-farlo\/","title":{"rendered":"Piano del paesaggio, Ferrucci (Pd): \u201cDiamo modello di sviluppo alla Toscana, unica Regione a farlo\u201d"},"content":{"rendered":"<p><strong><a href=\"http:\/\/www.gruppopdregionetoscana.it\/web\/wp-content\/uploads\/2015\/03\/unnamed.jpg\"><img loading=\"lazy\" decoding=\"async\" class=\"alignleft size-medium wp-image-9902\" src=\"http:\/\/www.gruppopdregionetoscana.it\/web\/wp-content\/uploads\/2015\/03\/unnamed-300x225.jpg\" alt=\"unnamed\" width=\"300\" height=\"225\" srcset=\"https:\/\/www.gruppopdregionetoscana.it\/web\/wp-content\/uploads\/2015\/03\/unnamed-300x225.jpg 300w, https:\/\/www.gruppopdregionetoscana.it\/web\/wp-content\/uploads\/2015\/03\/unnamed.jpg 400w\" sizes=\"auto, (max-width: 300px) 100vw, 300px\" \/><\/a><\/strong><em>L\u2019intervento del capogruppo Pd in Consiglio regionale durante il dibattito sul Piano del Paesaggio, al voto dell\u2019assemblea toscana<\/em><\/p>\n<p>\u201cUn fondamentale strumento di programmazione della Regione Toscana, il principale, in grado di porre le basi per uscire dall\u2019attuale crisi economica e affrontare al meglio le sfide future\u201d.\u00a0 Definisce cos\u00ec il Piano del paesaggio <strong>Ivan Ferrucci<\/strong>, capogruppo Pd Regione Toscana, intervenendo in aula durante il dibattito in Consiglio regionale. \u201cSiamo l\u2019unica regione a votare questo atto, il che \u00e8 gi\u00e0 di per s\u00e9 un risultato, ma soprattutto siamo riusciti a dare un modello di sviluppo alla Toscana, basato su un presupposto concreto, conciliare sviluppo economico e sociale e\u00a0 difesa del territorio. \u2013 spiega Ferrucci &#8211; Abbiamo raggiunto un equilibrio importante definendo linee di indirizzo adeguate e precise per ogni settore. Credo che ogni scelta vada contestualizzata nella fase in cui si prende: per questo il piano non \u00e8 un\u2019opera scalfita sulla pietra ma un punto di partenza, uno strumento di ottima qualit\u00e0, per portare avanti un confronto continuo e costante sullo sviluppo della nostra Regione, con i cittadini, con le imprese, con il governo nazionale, con le associazioni, con tutti gli enti coinvolti. Un confronto che abbiamo doverosamente intrapreso e portato avanti per arrivare al risultato di oggi e che purtroppo in questa ultima fase \u00e8 stato condizionato da dannosi ideologismi e da strumentalizzazioni da campagna elettorale da parte di molti. Ho trovato riduttiva e sterile la discussione che ha visto contrapporsi pasdaran da una parte e dell\u2019altra, pronti a darci, alla bisogna, di \u2018cementificatori\u2019 o, al contrario, \u2018bloccatori\u2019 dello sviluppo e che si \u00e8 concentrata unicamente sul necessario lavoro di questi ultimi giorni con il Mibact, tralasciando quello imponente realizzato dal Consiglio e dalla Commissione Ambiente, di cui ringrazio in particolare il presidente Venturi e il consigliere Pellegrinotti\u201d.<\/p>\n<p>\u201cMi auguro quindi che chi sar\u00e0 in aula dopo di noi grazie a questo piano prosegua quest\u2019opera di confronto, nel merito, non viziata da pregiudizi e visioni strumentali ma volta a un equo sviluppo della Toscana, con passione e impegno civile\u201d, conclude Ferrucci.<\/p>\n","protected":false},"excerpt":{"rendered":"<p>L\u2019intervento del capogruppo Pd in Consiglio regionale durante il dibattito sul Piano del Paesaggio, al voto dell\u2019assemblea toscana \u201cUn fondamentale strumento di programmazione della Regione Toscana, il principale, in grado di porre le basi per uscire dall\u2019attuale crisi economica e affrontare al meglio le sfide future\u201d.\u00a0 Definisce cos\u00ec il Piano del paesaggio Ivan Ferrucci, capogruppo [&hellip;]<\/p>\n","protected":false},"author":1,"featured_media":9902,"comment_status":"closed","ping_status":"closed","sticky":false,"template":"","format":"standard","meta":{"_jetpack_memberships_contains_paid_content":false,"footnotes":""},"categories":[30],"tags":[],"class_list":{"0":"post-9901","1":"post","2":"type-post","3":"status-publish","4":"format-standard","5":"has-post-thumbnail","7":"category-comunicati-stampa","8":"czr-hentry"},"jetpack_featured_media_url":"https:\/\/www.gruppopdregionetoscana.it\/web\/wp-content\/uploads\/2015\/03\/unnamed.jpg","jetpack_sharing_enabled":true,"_links":{"self":[{"href":"https:\/\/www.gruppopdregionetoscana.it\/web\/wp-json\/wp\/v2\/posts\/9901","targetHints":{"allow":["GET"]}}],"collection":[{"href":"https:\/\/www.gruppopdregionetoscana.it\/web\/wp-json\/wp\/v2\/posts"}],"about":[{"href":"https:\/\/www.gruppopdregionetoscana.it\/web\/wp-json\/wp\/v2\/types\/post"}],"author":[{"embeddable":true,"href":"https:\/\/www.gruppopdregionetoscana.it\/web\/wp-json\/wp\/v2\/users\/1"}],"replies":[{"embeddable":true,"href":"https:\/\/www.gruppopdregionetoscana.it\/web\/wp-json\/wp\/v2\/comments?post=9901"}],"version-history":[{"count":0,"href":"https:\/\/www.gruppopdregionetoscana.it\/web\/wp-json\/wp\/v2\/posts\/9901\/revisions"}],"wp:featuredmedia":[{"embeddable":true,"href":"https:\/\/www.gruppopdregionetoscana.it\/web\/wp-json\/wp\/v2\/media\/9902"}],"wp:attachment":[{"href":"https:\/\/www.gruppopdregionetoscana.it\/web\/wp-json\/wp\/v2\/media?parent=9901"}],"wp:term":[{"taxonomy":"category","embeddable":true,"href":"https:\/\/www.gruppopdregionetoscana.it\/web\/wp-json\/wp\/v2\/categories?post=9901"},{"taxonomy":"post_tag","embeddable":true,"href":"https:\/\/www.gruppopdregionetoscana.it\/web\/wp-json\/wp\/v2\/tags?post=9901"}],"curies":[{"name":"wp","href":"https:\/\/api.w.org\/{rel}","templated":true}]}}