{"id":9949,"date":"2015-04-01T18:41:35","date_gmt":"2015-04-01T16:41:35","guid":{"rendered":"http:\/\/www.gruppopdregionetoscana.it\/web\/?p=9949"},"modified":"2015-04-01T18:41:35","modified_gmt":"2015-04-01T16:41:35","slug":"villa-donatello-naldoni-pd-replica-marcheschi-fdi-proprieta-non-vuole-prorogare-convenzione-regione-servono-soluzioni-periodo","status":"publish","type":"post","link":"https:\/\/www.gruppopdregionetoscana.it\/web\/villa-donatello-naldoni-pd-replica-marcheschi-fdi-proprieta-non-vuole-prorogare-convenzione-regione-servono-soluzioni-periodo\/","title":{"rendered":"Villa Donatello,  Naldoni (Pd) replica a Marcheschi (Fdi): \u201cE\u2019 la propriet\u00e0 che non vuole prorogare la convenzione con la Regione. Servono soluzioni di lungo periodo\u201d"},"content":{"rendered":"<p><a href=\"http:\/\/www.gruppopdregionetoscana.it\/web\/wp-content\/uploads\/2014\/01\/naldoni-s.jpg\"><img loading=\"lazy\" decoding=\"async\" class=\"alignleft size-medium wp-image-7525\" src=\"http:\/\/www.gruppopdregionetoscana.it\/web\/wp-content\/uploads\/2014\/01\/naldoni-s-300x241.jpg\" alt=\"naldoni s\" width=\"300\" height=\"241\" srcset=\"https:\/\/www.gruppopdregionetoscana.it\/web\/wp-content\/uploads\/2014\/01\/naldoni-s-300x241.jpg 300w, https:\/\/www.gruppopdregionetoscana.it\/web\/wp-content\/uploads\/2014\/01\/naldoni-s.jpg 401w\" sizes=\"auto, (max-width: 300px) 100vw, 300px\" \/><\/a>\u201cQuella di posticipare il termine della convenzione tra Regione Toscana e Villa Donatello \u00e8 una strada che la stessa propriet\u00e0 della clinica non vuole percorrere. Non \u00e8 dunque una scelta che dipende dalla Regione. E\u2019 vero, quella suggerita da Marcheschi sarebbe un&#8217;opzione che probabilmente offrirebbe un po\u2019 di respiro a tutti quegli infermieri e operatori che sono stati messi in mobilit\u00e0 da Unipol, e ai quali va tutta la mia vicinanza. Ma non sarebbe una soluzione definitiva, questo va detto. Rimanderebbe di qualche mese il nodo da sciogliere e basta. Io credo invece che servano soluzioni di lungo periodo, al fine di tutelare realisticamente tutte le professionalit\u00e0 coinvolte in questa vicenda e, insieme, la qualit\u00e0 dei servizi rivolti ai cittadini. Rimandare serve a ben poco. Spetta proprio alla politica trovare soluzioni concrete e di ampio respiro\u201d.<\/p>\n<p>&nbsp;<\/p>\n<p>Cos\u00ec <strong> Simone Naldoni, consigliere regionale del Partito democratico <\/strong>risponde all\u2019esponente di Fdi Paolo Marcheschi sulla questione di Villa Donatello.<\/p>\n","protected":false},"excerpt":{"rendered":"<p>\u201cQuella di posticipare il termine della convenzione tra Regione Toscana e Villa Donatello \u00e8 una strada che la stessa propriet\u00e0 della clinica non vuole percorrere. Non \u00e8 dunque una scelta che dipende dalla Regione. E\u2019 vero, quella suggerita da Marcheschi sarebbe un&#8217;opzione che probabilmente offrirebbe un po\u2019 di respiro a tutti quegli infermieri e operatori [&hellip;]<\/p>\n","protected":false},"author":1,"featured_media":7525,"comment_status":"closed","ping_status":"closed","sticky":false,"template":"","format":"standard","meta":{"_jetpack_memberships_contains_paid_content":false,"footnotes":""},"categories":[30],"tags":[],"class_list":{"0":"post-9949","1":"post","2":"type-post","3":"status-publish","4":"format-standard","5":"has-post-thumbnail","7":"category-comunicati-stampa","8":"czr-hentry"},"jetpack_featured_media_url":"https:\/\/www.gruppopdregionetoscana.it\/web\/wp-content\/uploads\/2014\/01\/naldoni-s.jpg","jetpack_sharing_enabled":true,"_links":{"self":[{"href":"https:\/\/www.gruppopdregionetoscana.it\/web\/wp-json\/wp\/v2\/posts\/9949","targetHints":{"allow":["GET"]}}],"collection":[{"href":"https:\/\/www.gruppopdregionetoscana.it\/web\/wp-json\/wp\/v2\/posts"}],"about":[{"href":"https:\/\/www.gruppopdregionetoscana.it\/web\/wp-json\/wp\/v2\/types\/post"}],"author":[{"embeddable":true,"href":"https:\/\/www.gruppopdregionetoscana.it\/web\/wp-json\/wp\/v2\/users\/1"}],"replies":[{"embeddable":true,"href":"https:\/\/www.gruppopdregionetoscana.it\/web\/wp-json\/wp\/v2\/comments?post=9949"}],"version-history":[{"count":0,"href":"https:\/\/www.gruppopdregionetoscana.it\/web\/wp-json\/wp\/v2\/posts\/9949\/revisions"}],"wp:featuredmedia":[{"embeddable":true,"href":"https:\/\/www.gruppopdregionetoscana.it\/web\/wp-json\/wp\/v2\/media\/7525"}],"wp:attachment":[{"href":"https:\/\/www.gruppopdregionetoscana.it\/web\/wp-json\/wp\/v2\/media?parent=9949"}],"wp:term":[{"taxonomy":"category","embeddable":true,"href":"https:\/\/www.gruppopdregionetoscana.it\/web\/wp-json\/wp\/v2\/categories?post=9949"},{"taxonomy":"post_tag","embeddable":true,"href":"https:\/\/www.gruppopdregionetoscana.it\/web\/wp-json\/wp\/v2\/tags?post=9949"}],"curies":[{"name":"wp","href":"https:\/\/api.w.org\/{rel}","templated":true}]}}