{"id":9970,"date":"2015-06-22T14:25:07","date_gmt":"2015-06-22T12:25:07","guid":{"rendered":"http:\/\/www.gruppopdregionetoscana.it\/web\/?p=9970"},"modified":"2015-07-01T10:28:33","modified_gmt":"2015-07-01T08:28:33","slug":"leonardo-marras-eletto-capogruppo-pd","status":"publish","type":"post","link":"https:\/\/www.gruppopdregionetoscana.it\/web\/leonardo-marras-eletto-capogruppo-pd\/","title":{"rendered":"Leonardo Marras eletto capogruppo Pd"},"content":{"rendered":"<p><a href=\"http:\/\/www.gruppopdregionetoscana.it\/web\/wp-content\/uploads\/2015\/07\/Marras.png\"><img loading=\"lazy\" decoding=\"async\" src=\"http:\/\/www.gruppopdregionetoscana.it\/web\/wp-content\/uploads\/2015\/07\/Marras-254x300.png\" alt=\"Marras\" width=\"254\" height=\"300\" class=\"alignleft size-medium wp-image-9971\" srcset=\"https:\/\/www.gruppopdregionetoscana.it\/web\/wp-content\/uploads\/2015\/07\/Marras-254x300.png 254w, https:\/\/www.gruppopdregionetoscana.it\/web\/wp-content\/uploads\/2015\/07\/Marras.png 500w\" sizes=\"auto, (max-width: 254px) 100vw, 254px\" \/><\/a>FIRENZE 22.06.2015 (c.b.) Leonardo Marras, 42 anni, grossetano, \u00e8 stato eletto all\u2019unanimit\u00e0 presidente del gruppo Pd in Consiglio regionale.<br \/>\n\u00abRingrazio tutti per la fiducia che mi viene accordata e spero di poterla ripagare con seriet\u00e0, impegno e passione politica. \u2013 ha detto Marras  \u2013 Sono consapevole della grande responsabilit\u00e0 e della delicatezza del compito che mi viene affidato, in un momento di importanti mutamenti istituzionali, in Toscana come nel Paese, con un Consiglio regionale estremamente rinnovato e sul quale si rivolge una forte attenzione dell\u2019opinione pubblica. Il gruppo consiliare del Pd, in particolare, dovr\u00e0 essere all\u2019altezza delle aspettative che tanti elettori hanno riposto sul nostro partito, riconfermandoci come prima forza in Toscana. Questa \u2013 ha aggiunto Marras \u2013 sar\u00e0 la prima legislatura di un\u2019istituzione che ha avuto la capacit\u00e0 di riformarsi e di iniziare a cogliere e praticare le sfide per il rinnovamento. L\u2019obiettivo principale rimane quello di riavvicinare i cittadini alla cosa pubblica, riaffermando una pratica della politica e del ruolo degli eletti nelle istituzioni secondo uno spirito di servizio e del fare concreto. Non sar\u00e0 facile e avvertiamo una grande responsabilit\u00e0. Ma anche una preziosa opportunit\u00e0: l\u2019occasione di dare un contributo fondamentale al programma di governo e alle scelte principali che segneranno la vita economica, sociale e politica della Toscana nei prossimi anni\u00bb.<br \/>\nNote biografiche:<br \/>\nLeonardo Marras \u00e8 nato a Grosseto il 12 Gennaio 1973. Sposato, con 2 figli, \u00e8 dipendente della CNA di Grosseto. Nel 1992 inizia la sua esperienza amministrativa come consigliere comunale di Roccastrada, diventandone poi Sindaco nel 1999 a soli 26 anni, uno dei sindaci pi\u00f9 giovani d\u2019Italia. Nel 2004 viene rieletto sindaco.<br \/>\nNel 2009 viene eletto Presidente della Provincia di Grosseto. Ha presieduto e coordinato il G.A.C. (Gruppo di Azione Costiera \u2013 Costa di Toscana). Nel Settembre 2012 \u00e8 stato nominato membro del \u201cCongresso dei Poteri locali e regionali\u201d del Consiglio d\u2019Europa a Strasburgo.<br \/>\nNel partito toscano, ricopre la carica di responsabile attivit\u00e0 produttive e agricoltura nella segreteria regionale.<br \/>\nAlle elezioni del 31 maggio scorso, \u00e8 stato eletto in Consiglio regionale nel collegio provinciale di Grosseto con 10.233 voti di preferenza.<br \/>\nPrima di dedicarsi alla politica \u00e8 stato calciatore del Roccastrada (con il ruolo di centrocampista) e, successivamente, allenatore del settore giovanile.           <\/p>\n","protected":false},"excerpt":{"rendered":"<p>FIRENZE 22.06.2015 (c.b.) Leonardo Marras, 42 anni, grossetano, \u00e8 stato eletto all\u2019unanimit\u00e0 presidente del gruppo Pd in Consiglio regionale. \u00abRingrazio tutti per la fiducia che mi viene accordata e spero di poterla ripagare con seriet\u00e0, impegno e passione politica. \u2013 ha detto Marras \u2013 Sono consapevole della grande responsabilit\u00e0 e della delicatezza del compito che [&hellip;]<\/p>\n","protected":false},"author":1,"featured_media":9971,"comment_status":"closed","ping_status":"closed","sticky":false,"template":"","format":"standard","meta":{"_jetpack_memberships_contains_paid_content":false,"footnotes":""},"categories":[30],"tags":[],"class_list":{"0":"post-9970","1":"post","2":"type-post","3":"status-publish","4":"format-standard","5":"has-post-thumbnail","7":"category-comunicati-stampa","8":"czr-hentry"},"jetpack_featured_media_url":"https:\/\/www.gruppopdregionetoscana.it\/web\/wp-content\/uploads\/2015\/07\/Marras.png","jetpack_sharing_enabled":true,"_links":{"self":[{"href":"https:\/\/www.gruppopdregionetoscana.it\/web\/wp-json\/wp\/v2\/posts\/9970","targetHints":{"allow":["GET"]}}],"collection":[{"href":"https:\/\/www.gruppopdregionetoscana.it\/web\/wp-json\/wp\/v2\/posts"}],"about":[{"href":"https:\/\/www.gruppopdregionetoscana.it\/web\/wp-json\/wp\/v2\/types\/post"}],"author":[{"embeddable":true,"href":"https:\/\/www.gruppopdregionetoscana.it\/web\/wp-json\/wp\/v2\/users\/1"}],"replies":[{"embeddable":true,"href":"https:\/\/www.gruppopdregionetoscana.it\/web\/wp-json\/wp\/v2\/comments?post=9970"}],"version-history":[{"count":0,"href":"https:\/\/www.gruppopdregionetoscana.it\/web\/wp-json\/wp\/v2\/posts\/9970\/revisions"}],"wp:featuredmedia":[{"embeddable":true,"href":"https:\/\/www.gruppopdregionetoscana.it\/web\/wp-json\/wp\/v2\/media\/9971"}],"wp:attachment":[{"href":"https:\/\/www.gruppopdregionetoscana.it\/web\/wp-json\/wp\/v2\/media?parent=9970"}],"wp:term":[{"taxonomy":"category","embeddable":true,"href":"https:\/\/www.gruppopdregionetoscana.it\/web\/wp-json\/wp\/v2\/categories?post=9970"},{"taxonomy":"post_tag","embeddable":true,"href":"https:\/\/www.gruppopdregionetoscana.it\/web\/wp-json\/wp\/v2\/tags?post=9970"}],"curies":[{"name":"wp","href":"https:\/\/api.w.org\/{rel}","templated":true}]}}